{"id":4335,"date":"2020-10-22T08:45:00","date_gmt":"2020-10-22T06:45:00","guid":{"rendered":"https:\/\/blog.deepki.com\/?p=4335"},"modified":"2023-10-03T15:11:36","modified_gmt":"2023-10-03T13:11:36","slug":"etienne-dupuy-criteres-esg-immobilier","status":"publish","type":"post","link":"https:\/\/www.deepki.com\/fr\/blog\/etienne-dupuy-criteres-esg-immobilier\/","title":{"rendered":"[Interview] Etienne Dupuy, pr\u00e9c\u00e9demment Managing Director chez Invesco et BNP Paribas Real Estate IS, nous parle de l\u2019importance des crit\u00e8res ESG dans l\u2019immobilier"},"content":{"rendered":"<p><span style=\"color: #000000;\">Pendant pr\u00e8s de sept ans, Etienne Dupuy a dirig\u00e9 une \u00e9quipe de 30 <a style=\"color: #000000;\" href=\"https:\/\/www.deepki.com\/fr\/glossaire\/asset-management\/\" target=\"_blank\" rel=\"noopener noreferrer\">asset managers<\/a> chez Invesco et a contribu\u00e9 \u00e0 int\u00e9grer pleinement les <a style=\"color: #000000;\" href=\"https:\/\/www.deepki.com\/fr\/glossaire\/criteres-esg\/\" target=\"_blank\" rel=\"noopener noreferrer\">crit\u00e8res ESG<\/a> (Environnementaux, Sociaux et de Gouvernance) dans la strat\u00e9gie de l\u2019entreprise. Il avait pr\u00e9c\u00e9demment int\u00e9gr\u00e9 comme point de d\u00e9part les principes de l\u2019investissement responsable dans les strat\u00e9gies de gestion de son \u00e9quipe. Gr\u00e2ce \u00e0 cette exp\u00e9rience, il a pu r\u00e9pondre \u00e0 toutes nos questions sur la mont\u00e9e en puissance de l\u2019ESG et nous expliquer comment il a r\u00e9ussi \u00e0 int\u00e9grer celle-ci dans de grandes entreprises.<\/span><\/p>\n\n\n<h2 class=\"wp-block-heading\"><span style=\"background-color:rgba(0, 0, 0, 0)\" class=\"has-inline-color has-t-black-color\">Lors de vos prises de parole, vous affirmez que l\u2019ESG peut changer la donne dans l\u2019industrie immobili\u00e8re. Comment est n\u00e9e cette id\u00e9e forte au cours de votre carri\u00e8re ?<\/span><\/h2>\n\n\n\n<p>Je dirais que l\u2019ESG a toujours \u00e9t\u00e9 au c\u0153ur de mes priorit\u00e9s. Si l\u2019on s\u2019int\u00e9resse un peu aux chiffres, <strong>l\u2019immobilier repr\u00e9sente 40% des \u00e9missions carbone<\/strong>. La premi\u00e8re moiti\u00e9 de ces \u00e9missions, donc 20%, provient de la construction des b\u00e2timents. L\u2019autre moiti\u00e9, quant \u00e0 elle, provient directement de l\u2019utilisation du b\u00e2timent.<br>Maintenant, si l\u2019on s\u2019int\u00e9resse aux causes de ces \u00e9missions, le secteur de l\u2019immobilier a souvent \u00e9t\u00e9 point\u00e9 du doigt pour son impact environnemental n\u00e9gatif. Mais est-ce vraiment uniquement un probl\u00e8me li\u00e9 au secteur en lui-m\u00eame ? Personnellement, je pense qu\u2019il faut <strong>s\u2019int\u00e9resser \u00e9galement aux personnes qui occupent les b\u00e2timents et \u00e0 leur activit\u00e9 au quotidien<\/strong>.<br>Cela signifie donc que <strong>20% des \u00e9missions carbone sont li\u00e9es au facteur humain<\/strong>, et que nous avons les moyens d\u2019agir en sensibilisant les occupants des b\u00e2timents et en leur apprenant les bons gestes.<\/p>\n\n\n\n<h2 class=\"wp-block-heading\"><span style=\"background-color:rgba(0, 0, 0, 0)\" class=\"has-inline-color has-t-black-color\">Quel est le r\u00f4le des propri\u00e9taires immobiliers dans la transition vers un immobilier plus durable ? Que peuvent-ils faire concr\u00e8tement ?<\/span><\/h2>\n\n\n\n<p>A la fin des ann\u00e9es 2000, de <strong>nouvelles r\u00e9glementations<\/strong> ont vu le jour sur le march\u00e9 de l\u2019immobilier et nous devions chercher \u00e0 obtenir un label ESG comme mesure plus facile de cette qualit\u00e9. On aurait pu alors se dire qu\u2019il serait plus simple d\u2019investir dans un immeuble d\u00e9j\u00e0 labellis\u00e9. Cependant, lorsque l\u2019on regarde les statistiques : seul 2% du parc immobilier est r\u00e9nov\u00e9 chaque ann\u00e9e en France. Pour que le parc immobilier global soit performant, il faudrait donc que 50 ans s\u2019\u00e9coulent ! Mais avons-nous 50 ans ?<br>Nous avions donc le choix entre deux options. Premi\u00e8re option : <strong>acheter des b\u00e2timents de tr\u00e8s bonne qualit\u00e9, id\u00e9alement labellis\u00e9s ou faciles \u00e0 labelliser<\/strong> &#8211; ce qui repr\u00e9senterait une strat\u00e9gie sans risque pour nous -. Seconde option, mais qui n\u2019a pas \u00e9t\u00e9 retenue \u00e0 mon \u00e9poque : <strong>acheter des b\u00e2timents sur lesquels il faudrait faire des efforts pour obtenir une labellisation<\/strong>, mais gr\u00e2ce auxquels nous pourrions encourager les parties prenantes \u00e0 s\u2019investir davantage &#8211; cela repr\u00e9sente une strat\u00e9gie plus risqu\u00e9e \u00e9tant donn\u00e9 qu\u2019elle implique notamment de se lancer dans des travaux de r\u00e9novation -.<\/p>\n\n\n\n<h2 class=\"wp-block-heading\"><span style=\"background-color:rgba(0, 0, 0, 0)\" class=\"has-inline-color has-t-black-color\">Comment parvenez-vous \u00e0 embarquer vos locataires dans votre d\u00e9marche ESG ?<\/span><\/h2>\n\n\n\n<p>Lorsque l\u2019on parle des routes et des autoroutes et des \u00e9missions de carbone qui en \u00e9manent directement, personne ne bl\u00e2me la route, mais <strong>tout le monde bl\u00e2me les voitures et les conducteurs<\/strong>. Pourtant, dans le cadre de l\u2019immobilier, tout le monde bl\u00e2me le b\u00e2timent ! Or, dans les faits, <strong>ce sont les occupants du b\u00e2timent qui \u00e9mettent du carbone<\/strong> en l\u2019occupant.<br>L\u2019immobilier est donc \u00e0 la fois la route et la voiture : l&rsquo;infrastructure et l\u2019outil vont de pair. Mais comment optimiser l\u2019\u00e9quation pour que le comportement du locataire fasse la diff\u00e9rence finale un fois que l\u2019on a am\u00e9lior\u00e9 l\u2019immeuble? Comment sensibiliser le locataire pour qu\u2019il soit responsable et donc fasse baisser l\u2019impact environnemental du b\u00e2timent qu\u2019il occupe ? Pour moi, embarquer les locataires dans sa <a href=\"https:\/\/www.deepki.com\/fr\/blog\/comprendre-direction-rse-questions\/\" target=\"_blank\" rel=\"noreferrer noopener\">strat\u00e9gie ESG<\/a> est la cl\u00e9.<br>Avec Invesco, nous avons rejoint l\u2019IFPEB (Institut Fran\u00e7ais pour la Performance du B\u00e2timent) et nous avons particip\u00e9 \u00e0 la comp\u00e9tition CUBE 2020* il y a deux ans. Pour cela nous avons d\u00fb organiser une douzaine d\u2019ateliers avec les locataires afin de les sensibiliser et les pousser \u00e0 l\u2019action. Nous avons pu inscrire 5 b\u00e2timents au concours, finalement. Certains b\u00e2timents \u00e9taient occup\u00e9s par des locataires qui \u00e9taient pourtant int\u00e9ress\u00e9s par la d\u00e9marche, mais qui ne mettaient aucune action en place. Simplement <strong>en nous engageant<\/strong> \u00e0 cette comp\u00e9tition <strong>et en auditant les b\u00e2timents \u00e9ligibles<\/strong>, nous avons d\u00e9couvert de nombreux axes d\u2019am\u00e9lioration nous permettant d\u2019<strong>\u00e9conomiser jusqu\u2019\u00e0 10%<\/strong> <strong>d\u2019\u00e9nergie <\/strong>sur un an, ce qui n\u2019est d\u00e9j\u00e0 pas n\u00e9gligeable !<br>Et le plus int\u00e9ressant reste \u00e0 venir. Avec certains locataires engag\u00e9s et volontaires, nous avons pu <strong>\u00e9conomiser jusqu\u2019\u00e0 32% d\u2019\u00e9nergie<\/strong> en un an ! Preuve du r\u00f4le central occup\u00e9 par le locataire et son utilisation du b\u00e2timent pour faire la diff\u00e9rence.<\/p>\n\n\n\n<div class=\"wp-block-group has-charcoal-grey-color has-t-white-background-color has-text-color has-background\"><div class=\"wp-block-group__inner-container is-layout-flow wp-block-group-is-layout-flow\">\n<p><strong>*Cube 2020<\/strong><br \/>Le Concours Usage B\u00e2timent Efficace est un concours immobilier qui se d\u00e9roule sur un an. Les participants doivent faire baisser leur consommation \u00e9nerg\u00e9tique sur cette p\u00e9riode :<\/p>\n<\/p>\n\n\n\n<\/p>\n<ul class=\"wp-block-list\">\n<li>soit en <strong>apportant des am\u00e9liorations<\/strong> <strong>marginales au niveau du b\u00e2timent<\/strong>,<\/li>\n<li>soit en <strong>poussant les occupants \u00e0 adopter des gestes \u00e9co-responsables<\/strong>.<\/li>\n<\/ul>\n<\/div><\/div>\n\n\n<h2><span style=\"color: #000000; font-family: CenturyGothicStd-Bold; font-size: revert; font-weight: revert;\">Avez-vous des exemples d\u2019actions engag\u00e9es avec vos locataires qui ont \u00e9t\u00e9 efficaces ?<\/span><\/h2>\n<p><!-- \/wp:post-content --><\/p>\n<p><!-- wp:paragraph --><\/p>\n<p>Je pense que <strong>la strat\u00e9gie mise en place doit \u00eatre tr\u00e8s pragmatique<\/strong>, voire terre \u00e0 terre. Je peux vous donner un exemple concret. Nous avons voulu faire participer un b\u00e2timent situ\u00e9 \u00e0 Milan au Cube 2020 mais, \u00e0 cause de la Covid-19, cela a \u00e9t\u00e9 repouss\u00e9. Il s\u2019agit d\u2019un b\u00e2timent de 6 \u00e9tages \u00e0 Milan sur lequel seuls 20% des employ\u00e9s \u00e9taient pr\u00e9sents sur site durant l\u2019\u00e9t\u00e9. Afin de faire baisser les consommations \u00e9nerg\u00e9tiques, nous avons propos\u00e9 de regrouper tous les employ\u00e9s au m\u00eame \u00e9tage, ind\u00e9pendamment de leur \u00e9quipe, au lieu de les laisser dispers\u00e9s sur quatre \u00e9tages. Sur deux mois,<strong> les consommations \u00e9nerg\u00e9tiques ont baiss\u00e9 de 75%<\/strong> ! C\u2019est typiquement le genre d\u2019exemple qui nous montre que <strong>des mesures simples peuvent \u00eatre mises en place afin de r\u00e9duire son empreinte environnementale<\/strong>.<br \/>Sur les b\u00e2timents r\u00e9sidentiels, les locataires font souvent attention \u00e0 leur facture d&rsquo;\u00e9lectricit\u00e9. Donc il est d\u2019autant plus simple de les impliquer et les embarquer en leur communiquant &#8211; et en leur prouvant \u00e0 l\u2019aide d\u2019exemples concrets &#8211; les b\u00e9n\u00e9fices attendus pour leur porte-monnaie.<\/p>\n<p><!-- \/wp:paragraph --><\/p>\n<p><!-- wp:heading --><\/p>\n<h2><span class=\"has-inline-color\" style=\"color: #000000;\">De tr\u00e8s nombreux labels ESG existent en Europe. Selon vous, lesquels sont les plus pertinents ?<\/span><\/h2>\n<p><!-- \/wp:heading --><\/p>\n<p><!-- wp:paragraph --><\/p>\n<p>Les labels ont \u00e9volu\u00e9 et continuent d\u2019\u00e9voluer constamment en prenant en compte de nouvelles probl\u00e9matiques chaque ann\u00e9e. Par exemple, la prise en compte du bien-\u00eatre des employ\u00e9s est relativement r\u00e9cente.<br \/>Il est difficile de dire quel label est le plus pertinent. <strong>Tout d\u00e9pend de vos objectifs et de ce que vous cherchez \u00e0 valoriser<\/strong>.<\/p>\n<p><!-- \/wp:paragraph --><\/p>\n<p><!-- wp:heading --><\/p>\n<h2><span class=\"has-inline-color\" style=\"color: #000000;\">J\u2019ai appris que vous avez \u00e9galement particip\u00e9 au <a style=\"color: #000000;\" href=\"https:\/\/www.deepki.com\/fr\/glossaire\/gresb\/\" target=\"_blank\" rel=\"noreferrer noopener\">GRESB<\/a> (Global Real Estate Sustainability Benchmark) ? Pouvez-vous nous raconter votre exp\u00e9rience ?<\/span><\/h2>\n<p><!-- \/wp:heading --><\/p>\n<p><!-- wp:paragraph --><\/p>\n<p>Nous appr\u00e9cions particuli\u00e8rement le <a href=\"https:\/\/www.deepki.com\/fr\/blog\/repondre-au-gresb\/\" target=\"_blank\" rel=\"noreferrer noopener\">GRESB<\/a> car il procure un cadre qui permet de se comparer \u00e0 ses pairs et d\u2019\u00e9viter le greenwashing. Pour obtenir une bonne note, il faut pouvoir prouver ses r\u00e9ponses !<\/p>\n<p><!-- \/wp:paragraph --><\/p>\n<p><!-- wp:heading --><\/p>\n<h2><span class=\"has-inline-color\" style=\"color: #000000;\">Selon vous, est-ce qu\u2019il y a une prise de conscience g\u00e9n\u00e9rale autour de l\u2019int\u00e9gration des crit\u00e8res ESG au sein des strat\u00e9gies globales des entreprises ?<\/span><\/h2>\n<p><!-- \/wp:heading --><\/p>\n<p><!-- wp:paragraph --><\/p>\n<p>Il y a quelques ann\u00e9es encore, les scientifiques pr\u00e9voyaient des changements climatiques et catastrophes \u00e9cologiques en 2030 ou encore en 2050\u2026. Pour la plupart des gens, cela paraissait si lointain qu\u2019une certaine distance existait avec le probl\u00e8me et qu\u2019ils ne sentaient pas l\u2019urgence ni le besoin d\u2019agir.<br \/>Cependant, <strong>cette distance est en train de r\u00e9duire<\/strong>. En effet, de plus en plus de start-ups informent sur ce que le changement climatique implique et comment il va impacter tout un chacun. Lorsqu&rsquo;on lit leurs \u00e9tudes, on d\u00e9couvre par exemple que les fortes chaleurs de 2003 &#8211; dont certains d\u2019entre vous se rappellent certainement &#8211; pourraient revenir tous les ans en 2030, 2031 etc, et pour des p\u00e9riodes plus longues qu\u2019en 2003. Je pense que l\u2019on est \u00e0 un moment charni\u00e8re o\u00f9 la r\u00e9duction de la distance temps fait que les gens commencent \u00e0 comprendre. <strong>J\u2019ai confiance dans le fait que tous les pays europ\u00e9ens vont changer rapidement<\/strong> et qu\u2019ils vont prendre exemple sur ceux qui ont d\u00e9j\u00e0 commenc\u00e9.<\/p>\n<p><!-- \/wp:paragraph --><\/p>\n<p><!-- wp:heading --><\/p>\n<h2><span class=\"has-inline-color\" style=\"color: #000000;\">Quelle organisation interne recommandez-vous pour int\u00e9grer pleinement l\u2019ESG au business ?<\/span><\/h2>\n<p><!-- \/wp:heading --><\/p>\n<p><!-- wp:paragraph --><\/p>\n<p>Je pense que cela rejoint la question : est-ce que nous devrions avoir une \u00e9quipe sp\u00e9cialement d\u00e9di\u00e9e \u00e0 l\u2019ESG en interne ? Nous ne voulions pas vraiment de cela et je pense que <strong>l\u2019ESG doit \u00eatre totalement int\u00e9gr\u00e9 dans ce que nous faisons au quotidien<\/strong>. Nous avons donc deux possibilit\u00e9s : fonder le propos de la soci\u00e9t\u00e9 d\u2019investissement par l\u2019ESG ou cr\u00e9er un groupe de travail dans lequel chaque emploi ou fonction est repr\u00e9sent\u00e9 pour \u00e9changer librement sur les sujets ESG dans la soci\u00e9t\u00e9. Je suis convaincu que l\u2019ESG doit \u00eatre int\u00e9gr\u00e9 dans l\u2019int\u00e9gralit\u00e9 des op\u00e9rations, y compris dans l\u2019investissement. Le statut d\u2019une \u00e9quipe ESG si elle est pr\u00e9sente est interm\u00e9diaire entre une fonction de support et d\u2019\u00e9ducation \/ formation interne.<\/p>\n<p><!-- \/wp:paragraph --><\/p>\n<p><!-- wp:heading --><\/p>\n<h2><span class=\"has-inline-color\" style=\"color: #000000;\">Enfin, selon vous, quels sont les principaux obstacles \u00e0 cette r\u00e9volution de l\u2019ESG ?<\/span><\/h2>\n<p><!-- \/wp:heading --><\/p>\n<p><!-- wp:paragraph --><\/p>\n<p>Les jours, car ils n\u2019ont que 24 heures. C\u2019est pourquoi je pense qu\u2019il faut mettre les sujets ESG au c\u0153ur des pr\u00e9occupations de chacun. <strong>Trouver du temps est toujours un obstacle<\/strong>.<br \/>Par ailleurs, <strong>ce n\u2019est pas facile de faire le premier pas<\/strong> dans l\u2019industrie de l\u2019investissement. En effet, si on est diff\u00e9rent, on prend le risque d\u2019\u00eatre rejet\u00e9 \u00e0 cause de la r\u00e9sistance au changement. Et je pense qu\u2019il s\u2019agit l\u00e0 du deuxi\u00e8me obstacle.<br \/>Enfin, <strong>le troisi\u00e8me obstacle serait \u00e9galement le temps<\/strong>. En effet, le temps vient \u00e0 nous manquer.\u00a0 Notamment pour atteindre l\u2019objectif z\u00e9ro carbone d\u2019ici 2050 et r\u00e9duire le carbone pr\u00e9sent dans l\u2019atmosph\u00e8re, d\u2019o\u00f9 le besoin d\u2019int\u00e9grer le plus rapidement l\u2019ESG au c\u0153ur de sa strat\u00e9gie d\u2019entreprise, pour faire bouger les choses. <strong>Je consid\u00e8re aujourd\u2019hui qu\u2019il faut aller plus loin et s\u2019inscrire dans l\u2019axe strat\u00e9gique de l\u2019impact positif<\/strong>.<\/p>\n<p><!-- \/wp:paragraph --><\/p>\n<p><!-- wp:paragraph --><\/p>\n<p><strong>Merci Etienne Dupuy !<\/strong><\/p>\n<p><!-- \/wp:paragraph --><\/p>\n<p><!-- wp:paragraph --><\/p>\n<p><span style=\"color: #000000;\"><strong>Si vous aussi vous souhaitez faire reconna\u00eetre votre engagement ESG mais que vous ne savez pas par o\u00f9 commencer, t\u00e9l\u00e9chargez notre minibook et d\u00e9couvrez comment la data peut vous aider \u00e0 valoriser votre <a style=\"color: #000000;\" href=\"https:\/\/www.deepki.com\/fr\/blog\/3-valeurs-extra-financieres-actif-immobilier\/\" target=\"_blank\" rel=\"noreferrer noopener\">performance extra-financi\u00e8re<\/a> :<\/strong><\/span><\/p>\n<p><!-- \/wp:paragraph --><\/p>\n<p><!-- wp:shortcode --><a href=\"https:\/\/cta-redirect.hubspot.com\/cta\/redirect\/19531822\/d74933d0-e7dc-4eb6-8940-296862a0b002\" target=\"_blank\" rel=\"noopener\"><img decoding=\"async\" id=\"hs-cta-img-d74933d0-e7dc-4eb6-8940-296862a0b002\" class=\"hs-cta-img\" style=\"border-width: 0px;\" src=\"https:\/\/no-cache.hubspot.com\/cta\/default\/19531822\/d74933d0-e7dc-4eb6-8940-296862a0b002.png\" alt=\"New call-to-action\" width=\"1667\" height=\"865\" \/><\/a><script charset=\"utf-8\" src=\"https:\/\/js.hscta.net\/cta\/current.js\"><\/script><script type=\"text\/javascript\"> hbspt.cta.load(19531822, 'd74933d0-e7dc-4eb6-8940-296862a0b002', {\"region\":\"na1\"}); <\/script><!-- end HubSpot Call-to-Action Code --><br \/><!-- \/wp:shortcode --><\/p>","protected":false},"excerpt":{"rendered":"<p>Pendant pr\u00e8s de sept ans, Etienne Dupuy a dirig\u00e9 une \u00e9quipe de 30 asset managers chez Invesco et a contribu\u00e9 \u00e0 int\u00e9grer pleinement les crit\u00e8res ESG (Environnementaux, Sociaux et de Gouvernance) dans la strat\u00e9gie de l\u2019entreprise. Il avait pr\u00e9c\u00e9demment int\u00e9gr\u00e9 comme point de d\u00e9part les principes de l\u2019investissement responsable dans les strat\u00e9gies de gestion de [&hellip;]<\/p>\n","protected":false},"author":40,"featured_media":4342,"comment_status":"closed","ping_status":"closed","sticky":false,"template":"","format":"standard","meta":{"inline_featured_image":false,"footnotes":""},"categories":[116,121],"tags":[],"class_list":["post-4335","post","type-post","status-publish","format-standard","has-post-thumbnail","hentry","category-actualites","category-esg-fr"],"yoast_head":"<!-- This site is optimized with the Yoast SEO plugin v27.3 - https:\/\/yoast.com\/product\/yoast-seo-wordpress\/ -->\n<title>[Interview] L\u2019importance des crit\u00e8res ESG dans l\u2019immobilier<\/title>\n<meta name=\"description\" content=\"Etienne Dupuy, pr\u00e9c\u00e9demment Managing Director chez Invesco, nous livre sa vision sur la mont\u00e9e des crit\u00e8res ESG dans l&#039;immobilier.\" \/>\n<meta name=\"robots\" content=\"index, follow, max-snippet:-1, max-image-preview:large, max-video-preview:-1\" \/>\n<link rel=\"canonical\" href=\"https:\/\/www.deepki.com\/fr\/blog\/etienne-dupuy-criteres-esg-immobilier\/\" \/>\n<meta property=\"og:locale\" content=\"fr_FR\" \/>\n<meta property=\"og:type\" content=\"article\" \/>\n<meta property=\"og:title\" content=\"[Interview] L\u2019importance des crit\u00e8res ESG dans l\u2019immobilier\" \/>\n<meta property=\"og:description\" content=\"Etienne Dupuy, pr\u00e9c\u00e9demment Managing Director chez Invesco, nous livre sa vision sur la mont\u00e9e des crit\u00e8res ESG dans l&#039;immobilier.\" \/>\n<meta property=\"og:url\" content=\"https:\/\/www.deepki.com\/fr\/blog\/etienne-dupuy-criteres-esg-immobilier\/\" \/>\n<meta property=\"og:site_name\" content=\"Deepki\" \/>\n<meta property=\"article:publisher\" content=\"https:\/\/www.facebook.com\/DeepkiSAS\/\" \/>\n<meta property=\"article:published_time\" content=\"2020-10-22T06:45:00+00:00\" \/>\n<meta property=\"article:modified_time\" content=\"2023-10-03T13:11:36+00:00\" \/>\n<meta property=\"og:image\" content=\"https:\/\/www.deepki.com\/web\/wp-content\/uploads\/2020\/10\/Crite\u0300res-ESG-immobilier-Etienne-Dupuy.jpg\" \/>\n\t<meta property=\"og:image:width\" content=\"640\" \/>\n\t<meta property=\"og:image:height\" content=\"310\" \/>\n\t<meta property=\"og:image:type\" content=\"image\/jpeg\" \/>\n<meta name=\"author\" content=\"Elisa Provenzale\" \/>\n<meta name=\"twitter:card\" content=\"summary_large_image\" \/>\n<meta name=\"twitter:title\" content=\"[Interview] L\u2019importance des crit\u00e8res ESG dans l\u2019immobilier\" \/>\n<meta name=\"twitter:description\" content=\"Etienne Dupuy, pr\u00e9c\u00e9demment Managing Director chez Invesco, nous livre sa vision sur la mont\u00e9e des crit\u00e8res ESG dans l&#039;immobilier.\" \/>\n<meta name=\"twitter:creator\" content=\"@DeepkiSAS\" \/>\n<meta name=\"twitter:site\" content=\"@DeepkiSAS\" \/>\n<meta name=\"twitter:label1\" content=\"\u00c9crit par\" \/>\n\t<meta name=\"twitter:data1\" content=\"Elisa Provenzale\" \/>\n\t<meta name=\"twitter:label2\" content=\"Dur\u00e9e de lecture estim\u00e9e\" \/>\n\t<meta name=\"twitter:data2\" content=\"8 minutes\" \/>\n<script type=\"application\/ld+json\" class=\"yoast-schema-graph\">{\"@context\":\"https:\\\/\\\/schema.org\",\"@graph\":[{\"@type\":\"Article\",\"@id\":\"https:\\\/\\\/www.deepki.com\\\/fr\\\/blog\\\/etienne-dupuy-criteres-esg-immobilier\\\/#article\",\"isPartOf\":{\"@id\":\"https:\\\/\\\/www.deepki.com\\\/fr\\\/blog\\\/etienne-dupuy-criteres-esg-immobilier\\\/\"},\"author\":{\"name\":\"Elisa Provenzale\",\"@id\":\"https:\\\/\\\/www.deepki.com\\\/fr\\\/#\\\/schema\\\/person\\\/6e59adf06bff5ebaca617659e26aeda0\"},\"headline\":\"[Interview] Etienne Dupuy, pr\u00e9c\u00e9demment Managing Director chez Invesco et BNP Paribas Real Estate IS, nous parle de l\u2019importance des crit\u00e8res ESG dans l\u2019immobilier\",\"datePublished\":\"2020-10-22T06:45:00+00:00\",\"dateModified\":\"2023-10-03T13:11:36+00:00\",\"mainEntityOfPage\":{\"@id\":\"https:\\\/\\\/www.deepki.com\\\/fr\\\/blog\\\/etienne-dupuy-criteres-esg-immobilier\\\/\"},\"wordCount\":1852,\"publisher\":{\"@id\":\"https:\\\/\\\/www.deepki.com\\\/fr\\\/#organization\"},\"image\":{\"@id\":\"https:\\\/\\\/www.deepki.com\\\/fr\\\/blog\\\/etienne-dupuy-criteres-esg-immobilier\\\/#primaryimage\"},\"thumbnailUrl\":\"https:\\\/\\\/www.deepki.com\\\/web\\\/wp-content\\\/uploads\\\/2020\\\/10\\\/Crite\u0300res-ESG-immobilier-Etienne-Dupuy.jpg\",\"articleSection\":[\"Actualit\u00e9s\",\"ESG\"],\"inLanguage\":\"fr-FR\"},{\"@type\":\"WebPage\",\"@id\":\"https:\\\/\\\/www.deepki.com\\\/fr\\\/blog\\\/etienne-dupuy-criteres-esg-immobilier\\\/\",\"url\":\"https:\\\/\\\/www.deepki.com\\\/fr\\\/blog\\\/etienne-dupuy-criteres-esg-immobilier\\\/\",\"name\":\"[Interview] L\u2019importance des crit\u00e8res ESG dans l\u2019immobilier\",\"isPartOf\":{\"@id\":\"https:\\\/\\\/www.deepki.com\\\/fr\\\/#website\"},\"primaryImageOfPage\":{\"@id\":\"https:\\\/\\\/www.deepki.com\\\/fr\\\/blog\\\/etienne-dupuy-criteres-esg-immobilier\\\/#primaryimage\"},\"image\":{\"@id\":\"https:\\\/\\\/www.deepki.com\\\/fr\\\/blog\\\/etienne-dupuy-criteres-esg-immobilier\\\/#primaryimage\"},\"thumbnailUrl\":\"https:\\\/\\\/www.deepki.com\\\/web\\\/wp-content\\\/uploads\\\/2020\\\/10\\\/Crite\u0300res-ESG-immobilier-Etienne-Dupuy.jpg\",\"datePublished\":\"2020-10-22T06:45:00+00:00\",\"dateModified\":\"2023-10-03T13:11:36+00:00\",\"description\":\"Etienne Dupuy, pr\u00e9c\u00e9demment Managing Director chez Invesco, nous livre sa vision sur la mont\u00e9e des crit\u00e8res ESG dans l'immobilier.\",\"breadcrumb\":{\"@id\":\"https:\\\/\\\/www.deepki.com\\\/fr\\\/blog\\\/etienne-dupuy-criteres-esg-immobilier\\\/#breadcrumb\"},\"inLanguage\":\"fr-FR\",\"potentialAction\":[{\"@type\":\"ReadAction\",\"target\":[\"https:\\\/\\\/www.deepki.com\\\/fr\\\/blog\\\/etienne-dupuy-criteres-esg-immobilier\\\/\"]}]},{\"@type\":\"ImageObject\",\"inLanguage\":\"fr-FR\",\"@id\":\"https:\\\/\\\/www.deepki.com\\\/fr\\\/blog\\\/etienne-dupuy-criteres-esg-immobilier\\\/#primaryimage\",\"url\":\"https:\\\/\\\/www.deepki.com\\\/web\\\/wp-content\\\/uploads\\\/2020\\\/10\\\/Crite\u0300res-ESG-immobilier-Etienne-Dupuy.jpg\",\"contentUrl\":\"https:\\\/\\\/www.deepki.com\\\/web\\\/wp-content\\\/uploads\\\/2020\\\/10\\\/Crite\u0300res-ESG-immobilier-Etienne-Dupuy.jpg\",\"width\":640,\"height\":310,\"caption\":\"Int\u00e9grer les crit\u00e8res ESG dans de grandes entreprises\"},{\"@type\":\"BreadcrumbList\",\"@id\":\"https:\\\/\\\/www.deepki.com\\\/fr\\\/blog\\\/etienne-dupuy-criteres-esg-immobilier\\\/#breadcrumb\",\"itemListElement\":[{\"@type\":\"ListItem\",\"position\":1,\"name\":\"Home\",\"item\":\"https:\\\/\\\/www.deepki.com\\\/fr\\\/\"},{\"@type\":\"ListItem\",\"position\":2,\"name\":\"ESG\",\"item\":\"https:\\\/\\\/www.deepki.com\\\/fr\\\/blog\\\/esg-fr\\\/\"},{\"@type\":\"ListItem\",\"position\":3,\"name\":\"[Interview] Etienne Dupuy, pr\u00e9c\u00e9demment Managing Director chez Invesco et BNP Paribas Real Estate IS, nous parle de l\u2019importance des crit\u00e8res ESG dans l\u2019immobilier\"}]},{\"@type\":\"WebSite\",\"@id\":\"https:\\\/\\\/www.deepki.com\\\/fr\\\/#website\",\"url\":\"https:\\\/\\\/www.deepki.com\\\/fr\\\/\",\"name\":\"Deepki\",\"description\":\"Together, let&#039;s make your real estate more sustainable thanks to data!\",\"publisher\":{\"@id\":\"https:\\\/\\\/www.deepki.com\\\/fr\\\/#organization\"},\"potentialAction\":[{\"@type\":\"SearchAction\",\"target\":{\"@type\":\"EntryPoint\",\"urlTemplate\":\"https:\\\/\\\/www.deepki.com\\\/fr\\\/?s={search_term_string}\"},\"query-input\":{\"@type\":\"PropertyValueSpecification\",\"valueRequired\":true,\"valueName\":\"search_term_string\"}}],\"inLanguage\":\"fr-FR\"},{\"@type\":\"Organization\",\"@id\":\"https:\\\/\\\/www.deepki.com\\\/fr\\\/#organization\",\"name\":\"Deepki\",\"url\":\"https:\\\/\\\/www.deepki.com\\\/fr\\\/\",\"logo\":{\"@type\":\"ImageObject\",\"inLanguage\":\"fr-FR\",\"@id\":\"https:\\\/\\\/www.deepki.com\\\/fr\\\/#\\\/schema\\\/logo\\\/image\\\/\",\"url\":\"https:\\\/\\\/www.deepki.com\\\/web\\\/wp-content\\\/uploads\\\/2021\\\/08\\\/deepki-logo.jpg\",\"contentUrl\":\"https:\\\/\\\/www.deepki.com\\\/web\\\/wp-content\\\/uploads\\\/2021\\\/08\\\/deepki-logo.jpg\",\"width\":880,\"height\":360,\"caption\":\"Deepki\"},\"image\":{\"@id\":\"https:\\\/\\\/www.deepki.com\\\/fr\\\/#\\\/schema\\\/logo\\\/image\\\/\"},\"sameAs\":[\"https:\\\/\\\/www.facebook.com\\\/DeepkiSAS\\\/\",\"https:\\\/\\\/x.com\\\/DeepkiSAS\",\"https:\\\/\\\/www.linkedin.com\\\/company\\\/deepki\"]},{\"@type\":\"Person\",\"@id\":\"https:\\\/\\\/www.deepki.com\\\/fr\\\/#\\\/schema\\\/person\\\/6e59adf06bff5ebaca617659e26aeda0\",\"name\":\"Elisa Provenzale\",\"image\":{\"@type\":\"ImageObject\",\"inLanguage\":\"fr-FR\",\"@id\":\"https:\\\/\\\/secure.gravatar.com\\\/avatar\\\/3355a8ee97b55eabf4defe6da8e6c0909ad8b1a7ccc6c923871bb05eec6d6bb2?s=96&d=mm&r=g\",\"url\":\"https:\\\/\\\/secure.gravatar.com\\\/avatar\\\/3355a8ee97b55eabf4defe6da8e6c0909ad8b1a7ccc6c923871bb05eec6d6bb2?s=96&d=mm&r=g\",\"contentUrl\":\"https:\\\/\\\/secure.gravatar.com\\\/avatar\\\/3355a8ee97b55eabf4defe6da8e6c0909ad8b1a7ccc6c923871bb05eec6d6bb2?s=96&d=mm&r=g\",\"caption\":\"Elisa Provenzale\"}}]}<\/script>\n<!-- \/ Yoast SEO plugin. -->","yoast_head_json":{"title":"[Interview] L\u2019importance des crit\u00e8res ESG dans l\u2019immobilier","description":"Etienne Dupuy, pr\u00e9c\u00e9demment Managing Director chez Invesco, nous livre sa vision sur la mont\u00e9e des crit\u00e8res ESG dans l'immobilier.","robots":{"index":"index","follow":"follow","max-snippet":"max-snippet:-1","max-image-preview":"max-image-preview:large","max-video-preview":"max-video-preview:-1"},"canonical":"https:\/\/www.deepki.com\/fr\/blog\/etienne-dupuy-criteres-esg-immobilier\/","og_locale":"fr_FR","og_type":"article","og_title":"[Interview] L\u2019importance des crit\u00e8res ESG dans l\u2019immobilier","og_description":"Etienne Dupuy, pr\u00e9c\u00e9demment Managing Director chez Invesco, nous livre sa vision sur la mont\u00e9e des crit\u00e8res ESG dans l'immobilier.","og_url":"https:\/\/www.deepki.com\/fr\/blog\/etienne-dupuy-criteres-esg-immobilier\/","og_site_name":"Deepki","article_publisher":"https:\/\/www.facebook.com\/DeepkiSAS\/","article_published_time":"2020-10-22T06:45:00+00:00","article_modified_time":"2023-10-03T13:11:36+00:00","og_image":[{"width":640,"height":310,"url":"https:\/\/www.deepki.com\/web\/wp-content\/uploads\/2020\/10\/Crite\u0300res-ESG-immobilier-Etienne-Dupuy.jpg","type":"image\/jpeg"}],"author":"Elisa Provenzale","twitter_card":"summary_large_image","twitter_title":"[Interview] L\u2019importance des crit\u00e8res ESG dans l\u2019immobilier","twitter_description":"Etienne Dupuy, pr\u00e9c\u00e9demment Managing Director chez Invesco, nous livre sa vision sur la mont\u00e9e des crit\u00e8res ESG dans l'immobilier.","twitter_creator":"@DeepkiSAS","twitter_site":"@DeepkiSAS","twitter_misc":{"\u00c9crit par":"Elisa Provenzale","Dur\u00e9e de lecture estim\u00e9e":"8 minutes"},"schema":{"@context":"https:\/\/schema.org","@graph":[{"@type":"Article","@id":"https:\/\/www.deepki.com\/fr\/blog\/etienne-dupuy-criteres-esg-immobilier\/#article","isPartOf":{"@id":"https:\/\/www.deepki.com\/fr\/blog\/etienne-dupuy-criteres-esg-immobilier\/"},"author":{"name":"Elisa Provenzale","@id":"https:\/\/www.deepki.com\/fr\/#\/schema\/person\/6e59adf06bff5ebaca617659e26aeda0"},"headline":"[Interview] Etienne Dupuy, pr\u00e9c\u00e9demment Managing Director chez Invesco et BNP Paribas Real Estate IS, nous parle de l\u2019importance des crit\u00e8res ESG dans l\u2019immobilier","datePublished":"2020-10-22T06:45:00+00:00","dateModified":"2023-10-03T13:11:36+00:00","mainEntityOfPage":{"@id":"https:\/\/www.deepki.com\/fr\/blog\/etienne-dupuy-criteres-esg-immobilier\/"},"wordCount":1852,"publisher":{"@id":"https:\/\/www.deepki.com\/fr\/#organization"},"image":{"@id":"https:\/\/www.deepki.com\/fr\/blog\/etienne-dupuy-criteres-esg-immobilier\/#primaryimage"},"thumbnailUrl":"https:\/\/www.deepki.com\/web\/wp-content\/uploads\/2020\/10\/Crite\u0300res-ESG-immobilier-Etienne-Dupuy.jpg","articleSection":["Actualit\u00e9s","ESG"],"inLanguage":"fr-FR"},{"@type":"WebPage","@id":"https:\/\/www.deepki.com\/fr\/blog\/etienne-dupuy-criteres-esg-immobilier\/","url":"https:\/\/www.deepki.com\/fr\/blog\/etienne-dupuy-criteres-esg-immobilier\/","name":"[Interview] L\u2019importance des crit\u00e8res ESG dans l\u2019immobilier","isPartOf":{"@id":"https:\/\/www.deepki.com\/fr\/#website"},"primaryImageOfPage":{"@id":"https:\/\/www.deepki.com\/fr\/blog\/etienne-dupuy-criteres-esg-immobilier\/#primaryimage"},"image":{"@id":"https:\/\/www.deepki.com\/fr\/blog\/etienne-dupuy-criteres-esg-immobilier\/#primaryimage"},"thumbnailUrl":"https:\/\/www.deepki.com\/web\/wp-content\/uploads\/2020\/10\/Crite\u0300res-ESG-immobilier-Etienne-Dupuy.jpg","datePublished":"2020-10-22T06:45:00+00:00","dateModified":"2023-10-03T13:11:36+00:00","description":"Etienne Dupuy, pr\u00e9c\u00e9demment Managing Director chez Invesco, nous livre sa vision sur la mont\u00e9e des crit\u00e8res ESG dans l'immobilier.","breadcrumb":{"@id":"https:\/\/www.deepki.com\/fr\/blog\/etienne-dupuy-criteres-esg-immobilier\/#breadcrumb"},"inLanguage":"fr-FR","potentialAction":[{"@type":"ReadAction","target":["https:\/\/www.deepki.com\/fr\/blog\/etienne-dupuy-criteres-esg-immobilier\/"]}]},{"@type":"ImageObject","inLanguage":"fr-FR","@id":"https:\/\/www.deepki.com\/fr\/blog\/etienne-dupuy-criteres-esg-immobilier\/#primaryimage","url":"https:\/\/www.deepki.com\/web\/wp-content\/uploads\/2020\/10\/Crite\u0300res-ESG-immobilier-Etienne-Dupuy.jpg","contentUrl":"https:\/\/www.deepki.com\/web\/wp-content\/uploads\/2020\/10\/Crite\u0300res-ESG-immobilier-Etienne-Dupuy.jpg","width":640,"height":310,"caption":"Int\u00e9grer les crit\u00e8res ESG dans de grandes entreprises"},{"@type":"BreadcrumbList","@id":"https:\/\/www.deepki.com\/fr\/blog\/etienne-dupuy-criteres-esg-immobilier\/#breadcrumb","itemListElement":[{"@type":"ListItem","position":1,"name":"Home","item":"https:\/\/www.deepki.com\/fr\/"},{"@type":"ListItem","position":2,"name":"ESG","item":"https:\/\/www.deepki.com\/fr\/blog\/esg-fr\/"},{"@type":"ListItem","position":3,"name":"[Interview] Etienne Dupuy, pr\u00e9c\u00e9demment Managing Director chez Invesco et BNP Paribas Real Estate IS, nous parle de l\u2019importance des crit\u00e8res ESG dans l\u2019immobilier"}]},{"@type":"WebSite","@id":"https:\/\/www.deepki.com\/fr\/#website","url":"https:\/\/www.deepki.com\/fr\/","name":"Deepki","description":"Together, let&#039;s make your real estate more sustainable thanks to data!","publisher":{"@id":"https:\/\/www.deepki.com\/fr\/#organization"},"potentialAction":[{"@type":"SearchAction","target":{"@type":"EntryPoint","urlTemplate":"https:\/\/www.deepki.com\/fr\/?s={search_term_string}"},"query-input":{"@type":"PropertyValueSpecification","valueRequired":true,"valueName":"search_term_string"}}],"inLanguage":"fr-FR"},{"@type":"Organization","@id":"https:\/\/www.deepki.com\/fr\/#organization","name":"Deepki","url":"https:\/\/www.deepki.com\/fr\/","logo":{"@type":"ImageObject","inLanguage":"fr-FR","@id":"https:\/\/www.deepki.com\/fr\/#\/schema\/logo\/image\/","url":"https:\/\/www.deepki.com\/web\/wp-content\/uploads\/2021\/08\/deepki-logo.jpg","contentUrl":"https:\/\/www.deepki.com\/web\/wp-content\/uploads\/2021\/08\/deepki-logo.jpg","width":880,"height":360,"caption":"Deepki"},"image":{"@id":"https:\/\/www.deepki.com\/fr\/#\/schema\/logo\/image\/"},"sameAs":["https:\/\/www.facebook.com\/DeepkiSAS\/","https:\/\/x.com\/DeepkiSAS","https:\/\/www.linkedin.com\/company\/deepki"]},{"@type":"Person","@id":"https:\/\/www.deepki.com\/fr\/#\/schema\/person\/6e59adf06bff5ebaca617659e26aeda0","name":"Elisa Provenzale","image":{"@type":"ImageObject","inLanguage":"fr-FR","@id":"https:\/\/secure.gravatar.com\/avatar\/3355a8ee97b55eabf4defe6da8e6c0909ad8b1a7ccc6c923871bb05eec6d6bb2?s=96&d=mm&r=g","url":"https:\/\/secure.gravatar.com\/avatar\/3355a8ee97b55eabf4defe6da8e6c0909ad8b1a7ccc6c923871bb05eec6d6bb2?s=96&d=mm&r=g","contentUrl":"https:\/\/secure.gravatar.com\/avatar\/3355a8ee97b55eabf4defe6da8e6c0909ad8b1a7ccc6c923871bb05eec6d6bb2?s=96&d=mm&r=g","caption":"Elisa Provenzale"}}]}},"_links":{"self":[{"href":"https:\/\/www.deepki.com\/fr\/wp-json\/wp\/v2\/posts\/4335","targetHints":{"allow":["GET"]}}],"collection":[{"href":"https:\/\/www.deepki.com\/fr\/wp-json\/wp\/v2\/posts"}],"about":[{"href":"https:\/\/www.deepki.com\/fr\/wp-json\/wp\/v2\/types\/post"}],"author":[{"embeddable":true,"href":"https:\/\/www.deepki.com\/fr\/wp-json\/wp\/v2\/users\/40"}],"replies":[{"embeddable":true,"href":"https:\/\/www.deepki.com\/fr\/wp-json\/wp\/v2\/comments?post=4335"}],"version-history":[{"count":4,"href":"https:\/\/www.deepki.com\/fr\/wp-json\/wp\/v2\/posts\/4335\/revisions"}],"predecessor-version":[{"id":81248,"href":"https:\/\/www.deepki.com\/fr\/wp-json\/wp\/v2\/posts\/4335\/revisions\/81248"}],"wp:featuredmedia":[{"embeddable":true,"href":"https:\/\/www.deepki.com\/fr\/wp-json\/wp\/v2\/media\/4342"}],"wp:attachment":[{"href":"https:\/\/www.deepki.com\/fr\/wp-json\/wp\/v2\/media?parent=4335"}],"wp:term":[{"taxonomy":"category","embeddable":true,"href":"https:\/\/www.deepki.com\/fr\/wp-json\/wp\/v2\/categories?post=4335"},{"taxonomy":"post_tag","embeddable":true,"href":"https:\/\/www.deepki.com\/fr\/wp-json\/wp\/v2\/tags?post=4335"}],"curies":[{"name":"wp","href":"https:\/\/api.w.org\/{rel}","templated":true}]}}