{"id":459,"date":"2018-04-26T00:00:00","date_gmt":"2018-04-25T22:00:00","guid":{"rendered":"https:\/\/blog.deepki.com\/2018\/04\/26\/efficacite-energetique-cedric-borel\/"},"modified":"2021-08-25T14:59:05","modified_gmt":"2021-08-25T14:59:05","slug":"efficacite-energetique-cedric-borel","status":"publish","type":"post","link":"https:\/\/www.deepki.com\/fr\/blog\/efficacite-energetique-cedric-borel\/","title":{"rendered":"Efficacit\u00e9 \u00e9nerg\u00e9tique dans l\u2019immobilier tertiaire fran\u00e7ais : C\u00e9dric Borel vous livre son analyse"},"content":{"rendered":"<p style=\"text-align: justify;\"><span style=\"font-weight: bold;\"><span class=\"dropcap\">F<\/span><strong>in mars, I\u2019Institut Fran\u00e7ais pour la Performance du B\u00e2timent (IFPEB) d\u00e9voilait les laur\u00e9ats du concours CUBE 2020, un concours destin\u00e9 \u00e0 r\u00e9aliser un maximum d\u2019\u00e9conomies d\u2019\u00e9nergie sur un b\u00e2timent sur une p\u00e9riode d\u2019un an. C\u00e9dric Borel \u2013 directeur de l\u2019IFPEB \u2013 revient sur les r\u00e9sultats de cette troisi\u00e8me \u00e9dition et d\u00e9crypte les \u00e9volutions du march\u00e9.<\/strong><\/span><\/p>\n<h2 style=\"text-align: left;\"><span style=\"color: #000000;\">En tant qu&rsquo;observateur privil\u00e9gi\u00e9 du march\u00e9, est-ce que vous sentez une \u00e9volution des acteurs du march\u00e9 immobilier sur les questions de performance \u00e9nerg\u00e9tique ?<\/span><\/h2>\n<p>Cela fait 5 ans que <strong>le sujet est en train de se professionnaliser fortement.<\/strong> \u00c0 l\u2019impulsion post Grenelle se mettent en route les premiers groupes de travail sp\u00e9cialis\u00e9s dans le tertiaire qui imaginent les progr\u00e8s r\u00e9alisables d\u2019ici \u00e0 2020, comme <strong>la Commission du Plan B\u00e2timent Durable<\/strong> qui a donn\u00e9 lieu au fameux rapport Gauchot en 2011, auquel fait suite la saga \u00ab D\u00e9cret tertiaire \u00bb qui n\u2019est toujours pas entr\u00e9 en vigueur. Finalement, cette impulsion s\u2019est notamment concr\u00e9tis\u00e9e en 2013 \u00e0 travers <strong>la signature de la Charte Volontaire sur l\u2019Efficacit\u00e9 \u00c9nerg\u00e9tique des B\u00e2timents Tertiaires Publics et Priv\u00e9s<\/strong>, toujours initi\u00e9e par le Plan B\u00e2timent Durable.<\/p>\n<p style=\"text-align: right;\"><span style=\"color: #000000;\"><em>\u00c0 lire \u00e9galement : <a style=\"color: #000000;\" href=\"https:\/\/www.deepki.com\/fr\/blog\/saga-decret-tertiaire\/\" target=\"_blank\" rel=\"noopener noreferrer\">La saga du d\u00e9cret tertiaire : histoire d&rsquo;un rendez-vous manqu\u00e9<\/a><\/em><\/span><\/p>\n<p style=\"text-align: justify;\">Les ma\u00eetres d\u2019ouvrages, en avance, sont pass\u00e9s depuis 4 ou 5 ans <strong>des \u00ab audits \u00bb \u00e0 une modalit\u00e9 de commissionnement des b\u00e2timents existants<\/strong> ou \u00ab r\u00e9trocommissioning \u00bb. Ce sont de v\u00e9ritables \u00ab Dr House du tertiaire existant \u00bb qui r\u00e9alisent l\u2019\u00e9tude des am\u00e9liorations, les mettent en \u0153uvre en pilotant les \u00e9ventuels prestataires et v\u00e9rifient les r\u00e9sultats en termes d&rsquo;\u00e9conomies et confort. C\u00f4t\u00e9 recensement des consommations, gr\u00e2ce aux nouvelles technologies comme l\u2019IoT ou le data-analytics, <strong>d\u2019autres prestataires fabriquent plus facilement \u00ab l\u2019image \u00e9nerg\u00e9tique \u00bb de leur parc<\/strong> \u00e0 travers l\u2019analyse fine des b\u00e2timents existants, ce qui est un pr\u00e9alable \u00e0 l\u2019action comme les retours d\u2019exp\u00e9rience de la charte tertiaire nous l\u2019enseigne. Tout cela joue dans <strong>l\u2019acc\u00e9l\u00e9ration de l\u2019efficacit\u00e9 \u00e9nerg\u00e9tique du parc tertiaire<\/strong>.<\/p>\n<h2 style=\"text-align: justify;\"><span style=\"color: #000000;\">Pensez-vous que la r\u00e9glementation est aujourd\u2019hui le principal moteur des acteurs du march\u00e9 immobilier ?<\/span><\/h2>\n<p style=\"text-align: justify;\">Cela d\u00e9pend des secteurs du tertiaire. Suite \u00e0 <strong>la prise de conscience g\u00e9n\u00e9ralis\u00e9e initi\u00e9e par le Grenelle<\/strong>, une v\u00e9ritable comp\u00e9tition verte s\u2019est install\u00e9e dans le parc locatif priv\u00e9 de bureaux. Les questions relatives \u00e0 <strong>la performance \u00e9nerg\u00e9tique des b\u00e2timents deviennent une condition sine qua non d\u2019une bonne location ou vente<\/strong>, c\u2019est un crit\u00e8re de performance int\u00e9gr\u00e9 \u00e0 la performance \u00e9conomique.<\/p>\n<p style=\"text-align: justify;\">On remarque, en revanche, qu\u2019<strong>une autre partie du parc tertiaire n\u2019est pas \u201cliquide\u201d<\/strong>, c\u2019est-\u00e0-dire qu\u2019elle n\u2019est pas arbitr\u00e9e sur le march\u00e9. C\u2019est notamment le cas de<strong> tout le parc public et des collectivit\u00e9s<\/strong>, dont notamment les coll\u00e8ges, lyc\u00e9es, ou encore les h\u00f4pitaux. Il y a aussi <strong>les b\u00e2timents dont les entreprises sont propri\u00e9taires<\/strong> et qui, sans \u00eatre ma\u00eetres d\u2019ouvrages professionnalis\u00e9s, sont propri\u00e9taires de leurs locaux.<br>Dans ce cas, soit ces acteurs sont d\u00e9j\u00e0 en mouvement suite \u00e0 une <strong>prise de conscience<\/strong> ou pour avancer pour un <strong>imp\u00e9ratif d\u2019exemplarit\u00e9 environnementale<\/strong> &#8211; notamment pour le parc public -, soit <strong>c\u2019est la r\u00e9glementation qui sera le moteur de l\u2019action<\/strong>.<\/p>\n<h2 style=\"text-align: left;\"><span style=\"color: #000000;\">En juillet, nous avons assist\u00e9 \u00e0 la suspension du \u00ab\u00a0d\u00e9cret tertiaire\u00a0\u00bb qui instaurait l&rsquo;obligation de r\u00e9novation \u00e9nerg\u00e9tique pour les immeubles tertiaires. La nouvelle administration reprend le flambeau avec la loi ELAN. Quel est votre sentiment sur ce nouveau texte ?<\/span><\/h2>\n<p style=\"text-align: justify;\">La loi ELAN corrige <strong>quelques maladresses formelles de r\u00e9daction<\/strong> de la pr\u00e9c\u00e9dente version du texte. Globalement, <strong>cette nouvelle version est plus agile<\/strong> et installe mieux<strong> le dialogue entre les propri\u00e9taires et les locataires<\/strong> sur les sujets de performance \u00e9nerg\u00e9tique au sein du parc locatif.<\/p>\n<p style=\"text-align: justify;\">N\u00e9anmoins, je regrette qu\u2019elle ne propose pas encore de <strong>marche interm\u00e9diaire avant l\u2019horizon de 2030<\/strong>, par exemple. Les premi\u00e8res actions r\u00e9alis\u00e9es sont celles qui pr\u00e9sentent le meilleur ROI et permettent de <strong>pr\u00e9parer les propri\u00e9taires et les occupants aux op\u00e9rations plus lourdes<\/strong> n\u00e9cessaires pour aller chercher les 40, 50 ou 60% d\u2019\u00e9conomies qui seront demand\u00e9s dans les d\u00e9cennies \u00e0 venir.<\/p>\n<h2 style=\"text-align: justify;\"><span style=\"color: #000000;\">Vous avez r\u00e9cemment remis les troph\u00e9es CUBE 2020. Quels enseignements tirez-vous de cette 3\u00e8me \u00e9dition ?<\/span><\/h2>\n<p style=\"text-align: justify;\">L\u2019id\u00e9e derri\u00e8re le Cube est v\u00e9ritablement de <strong>cr\u00e9er une \u00e9mulation au niveau du b\u00e2timent<\/strong>, d\u2019avoir les parties prenantes techniques, les parties prenantes d\u00e9cisionnelles et les utilisateurs qui interagissent pour \u00ab brainstormer \u00bb et <strong>trouver ensemble de nouveaux r\u00e9glages du b\u00e2timent<\/strong> \u00e0 partir d\u2019un point qui n\u2019est jamais optimum. C\u2019est un gisement d\u2019\u00e9conomies puissant.<\/p>\n<p style=\"text-align: justify;\">La 3\u00e8me \u00e9dition confirme cet \u00ab effet Cube \u00bb notamment chez les laur\u00e9ats. Nous sommes toujours surpris, voire \u00e9pat\u00e9s par les \u00e9tudes de cas que nous avons entre les mains et par le niveau de r\u00e9alisation du top de liste que nous auditons. Les r\u00e9sultats cette ann\u00e9e sont sans appel :<strong> sur un panel de 236 b\u00e2timents, la moyenne des \u00e9conomies r\u00e9alis\u00e9es d\u00e9passe les 10% et celle des 20 premiers s\u2019\u00e9l\u00e8ve \u00e0 25%<\/strong>. Mais je pense aussi \u00e0 tous les autres qui, sans avoir eu la chance d\u2019atteindre un podium, ont progress\u00e9, ou essay\u00e9 de progresser et ont touch\u00e9 des limites d\u2019organisations ou de management qui peuvent maintenant \u00eatre surmont\u00e9es. Un candidat nous a dit<em> \u00ab on a constat\u00e9 qu\u2019on \u00e9tait mal organis\u00e9 pour travailler \u00ab \u00e0 fond \u00bb un b\u00e2timent. Maintenant nous avons cr\u00e9\u00e9 un poste de coordination et sommes pr\u00eats pour\u2026 les prochains concours. \u00bb<\/em><\/p>\n<h2 style=\"text-align: justify;\"><span style=\"color: #000000;\">Quelles sont les nouveaut\u00e9s pr\u00e9vues pour la 4\u00e8me \u00e9dition ?<\/span><\/h2>\n<p style=\"text-align: justify;\">Suite \u00e0 de nombreuses demandes concernant <strong>l\u2019exportation de la formule en dehors des fronti\u00e8res<\/strong>, nous sommes en plein d\u00e9ploiement europ\u00e9en du Cube. Nous souhaitons \u00e9galement <strong>mettre en place des plateformes de collaboration sur les bonnes pratiques dans toutes les m\u00e9tropoles<\/strong> o\u00f9 la densit\u00e9 des candidats est suffisante pour qu\u2019il y ait un int\u00e9r\u00eat \u00e0 faire de l\u2019\u00e9change localement. Nous allons beaucoup travailler sur ce c\u00f4t\u00e9 \u00ab intervilles \u00bb car c\u2019est fun, mais c\u2019est aussi <strong>un vrai levier de collaboration sur le terrain<\/strong> que de se dire qu\u2019il faut battre les autres. Je ne sais pas si l\u2019homme est davantage collaboratif ou comp\u00e9titif, mais on voit que lorsqu\u2019on m\u00e9lange les deux pour le d\u00e9veloppement durable, on obtient d\u2019excellents r\u00e9sultats !<\/p>\n<p style=\"text-align: justify;\">Nous pouvons aussi mentionner l\u2019arriv\u00e9e de Cube.S, <strong>une modalit\u00e9 sp\u00e9ciale de Cube adapt\u00e9e en termes de ressources \u00e0 l\u2019enseignement scolaire<\/strong> avec un kit candidat et une saisonnalit\u00e9 du concours adapt\u00e9s au calendrier scolaire.<\/p>\n<p><strong>Merci C\u00e9dric Borel !<\/strong><\/p>\n<p><\/p>\n<h2><span style=\"color: #000000;\">Pour aller plus loin :<\/span><\/h2>\n<ul>\n<li><a href=\"https:\/\/blog.deepki.com\/wp-content\/uploads\/2018\/04\/Les-re\u0301sultats-de-la-3e\u0300me-e\u0301dition-du-concours-Cube-2020.jpg\" target=\"_blank\" rel=\"noopener noreferrer\">Les r\u00e9sultats de la 3\u00e8me \u00e9dition du concours Cube 2020<\/a><\/li>\n<li><a href=\"https:\/\/blog.deepki.com\/wp-content\/uploads\/2018\/04\/Remise-de-prix-Cube-2020-Saison-3.pdf\" target=\"_blank\" rel=\"noopener noreferrer\">Remise des prix Cube 2020 Saison 3 : Le catalyseur d\u2019\u00e9conomies d\u2019\u00e9nergie dans les b\u00e2timents tertiaires<\/a><\/li>\n<\/ul>\n\n<p><a href=\"https:\/\/cta-redirect.hubspot.com\/cta\/redirect\/19531822\/f7a041ce-acf0-4a36-82a3-fd450733c166\" target=\"_blank\" rel=\"noopener\"><img decoding=\"async\" class=\"hs-cta-img\" id=\"hs-cta-img-f7a041ce-acf0-4a36-82a3-fd450733c166\" style=\"border-width:0px;\" height=\"865\" width=\"1667\" src=\"https:\/\/no-cache.hubspot.com\/cta\/default\/19531822\/f7a041ce-acf0-4a36-82a3-fd450733c166.png\"  alt=\"New call-to-action\"\/><\/a><\/span><script charset=\"utf-8\" src=\"https:\/\/js.hscta.net\/cta\/current.js\"><\/script><script type=\"text\/javascript\"> hbspt.cta.load(19531822, 'f7a041ce-acf0-4a36-82a3-fd450733c166', {\"region\":\"na1\"}); <\/script><\/span><!-- end HubSpot Call-to-Action Code --><\/p>\n","protected":false},"excerpt":{"rendered":"<p>Fin mars, I\u2019Institut Fran\u00e7ais pour la Performance du B\u00e2timent (IFPEB) d\u00e9voilait les laur\u00e9ats du concours CUBE 2020, un concours destin\u00e9 \u00e0 r\u00e9aliser un maximum d\u2019\u00e9conomies d\u2019\u00e9nergie sur un b\u00e2timent sur une p\u00e9riode d\u2019un an. C\u00e9dric Borel \u2013 directeur de l\u2019IFPEB \u2013 revient sur les r\u00e9sultats de cette troisi\u00e8me \u00e9dition et d\u00e9crypte les \u00e9volutions du march\u00e9. [&hellip;]<\/p>\n","protected":false},"author":49,"featured_media":460,"comment_status":"open","ping_status":"open","sticky":false,"template":"","format":"standard","meta":{"inline_featured_image":false,"footnotes":""},"categories":[116,120],"tags":[],"class_list":["post-459","post","type-post","status-publish","format-standard","has-post-thumbnail","hentry","category-actualites","category-performance-environnementale"],"yoast_head":"<!-- This site is optimized with the Yoast SEO plugin v27.3 - https:\/\/yoast.com\/product\/yoast-seo-wordpress\/ -->\n<title>Efficacit\u00e9 \u00e9nerg\u00e9tique dans l\u2019immobilier tertiaire fran\u00e7ais : C\u00e9dric Borel vous livre son analyse - Deepki<\/title>\n<meta name=\"description\" content=\"L\u2019Institut Fran\u00e7ais pour la Performance du B\u00e2timent (IFPEB) d\u00e9voile les laur\u00e9ats du CUBE 2020. C\u00e9dric Borel nous parle de l&#039;immobilier tertiaire.\" \/>\n<meta name=\"robots\" content=\"index, follow, max-snippet:-1, max-image-preview:large, max-video-preview:-1\" \/>\n<link rel=\"canonical\" href=\"https:\/\/www.deepki.com\/fr\/blog\/efficacite-energetique-cedric-borel\/\" \/>\n<meta property=\"og:locale\" content=\"fr_FR\" \/>\n<meta property=\"og:type\" content=\"article\" \/>\n<meta property=\"og:title\" content=\"Efficacit\u00e9 \u00e9nerg\u00e9tique dans l\u2019immobilier tertiaire fran\u00e7ais : C\u00e9dric Borel vous livre son analyse - Deepki\" \/>\n<meta property=\"og:description\" content=\"L\u2019Institut Fran\u00e7ais pour la Performance du B\u00e2timent (IFPEB) d\u00e9voile les laur\u00e9ats du CUBE 2020. C\u00e9dric Borel nous parle de l&#039;immobilier tertiaire.\" \/>\n<meta property=\"og:url\" content=\"https:\/\/www.deepki.com\/fr\/blog\/efficacite-energetique-cedric-borel\/\" \/>\n<meta property=\"og:site_name\" content=\"Deepki\" \/>\n<meta property=\"article:publisher\" content=\"https:\/\/www.facebook.com\/DeepkiSAS\/\" \/>\n<meta property=\"article:published_time\" content=\"2018-04-25T22:00:00+00:00\" \/>\n<meta property=\"article:modified_time\" content=\"2021-08-25T14:59:05+00:00\" \/>\n<meta property=\"og:image\" content=\"https:\/\/www.deepki.com\/web\/wp-content\/uploads\/2020\/05\/efficacite\u0301-e\u0301nerge\u0301tique.jpeg\" \/>\n\t<meta property=\"og:image:width\" content=\"966\" \/>\n\t<meta property=\"og:image:height\" content=\"725\" \/>\n\t<meta property=\"og:image:type\" content=\"image\/jpeg\" \/>\n<meta name=\"author\" content=\"Agathe Monteil\" \/>\n<meta name=\"twitter:card\" content=\"summary_large_image\" \/>\n<meta name=\"twitter:title\" content=\"Efficacit\u00e9 \u00e9nerg\u00e9tique dans l\u2019immobilier tertiaire fran\u00e7ais : C\u00e9dric Borel vous livre son analyse - Deepki\" \/>\n<meta name=\"twitter:description\" content=\"L\u2019Institut Fran\u00e7ais pour la Performance du B\u00e2timent (IFPEB) d\u00e9voile les laur\u00e9ats du CUBE 2020. C\u00e9dric Borel nous parle de l&#039;immobilier tertiaire.\" \/>\n<meta name=\"twitter:image\" content=\"https:\/\/www.deepki.com\/web\/wp-content\/uploads\/2020\/05\/efficacite\u0301-e\u0301nerge\u0301tique.jpeg\" \/>\n<meta name=\"twitter:creator\" content=\"@DeepkiSAS\" \/>\n<meta name=\"twitter:site\" content=\"@DeepkiSAS\" \/>\n<meta name=\"twitter:label1\" content=\"\u00c9crit par\" \/>\n\t<meta name=\"twitter:data1\" content=\"Agathe Monteil\" \/>\n\t<meta name=\"twitter:label2\" content=\"Dur\u00e9e de lecture estim\u00e9e\" \/>\n\t<meta name=\"twitter:data2\" content=\"5 minutes\" \/>\n<script type=\"application\/ld+json\" class=\"yoast-schema-graph\">{\"@context\":\"https:\\\/\\\/schema.org\",\"@graph\":[{\"@type\":\"Article\",\"@id\":\"https:\\\/\\\/www.deepki.com\\\/fr\\\/blog\\\/efficacite-energetique-cedric-borel\\\/#article\",\"isPartOf\":{\"@id\":\"https:\\\/\\\/www.deepki.com\\\/fr\\\/blog\\\/efficacite-energetique-cedric-borel\\\/\"},\"author\":{\"name\":\"Agathe Monteil\",\"@id\":\"https:\\\/\\\/www.deepki.com\\\/fr\\\/#\\\/schema\\\/person\\\/d9cb920191e23c2e488a55f07b72c5eb\"},\"headline\":\"Efficacit\u00e9 \u00e9nerg\u00e9tique dans l\u2019immobilier tertiaire fran\u00e7ais : C\u00e9dric Borel vous livre son analyse\",\"datePublished\":\"2018-04-25T22:00:00+00:00\",\"dateModified\":\"2021-08-25T14:59:05+00:00\",\"mainEntityOfPage\":{\"@id\":\"https:\\\/\\\/www.deepki.com\\\/fr\\\/blog\\\/efficacite-energetique-cedric-borel\\\/\"},\"wordCount\":1200,\"commentCount\":0,\"publisher\":{\"@id\":\"https:\\\/\\\/www.deepki.com\\\/fr\\\/#organization\"},\"image\":{\"@id\":\"https:\\\/\\\/www.deepki.com\\\/fr\\\/blog\\\/efficacite-energetique-cedric-borel\\\/#primaryimage\"},\"thumbnailUrl\":\"https:\\\/\\\/www.deepki.com\\\/web\\\/wp-content\\\/uploads\\\/2020\\\/05\\\/efficacite\u0301-e\u0301nerge\u0301tique.jpeg\",\"articleSection\":[\"Actualit\u00e9s\",\"Performance environnementale\"],\"inLanguage\":\"fr-FR\",\"potentialAction\":[{\"@type\":\"CommentAction\",\"name\":\"Comment\",\"target\":[\"https:\\\/\\\/www.deepki.com\\\/fr\\\/blog\\\/efficacite-energetique-cedric-borel\\\/#respond\"]}]},{\"@type\":\"WebPage\",\"@id\":\"https:\\\/\\\/www.deepki.com\\\/fr\\\/blog\\\/efficacite-energetique-cedric-borel\\\/\",\"url\":\"https:\\\/\\\/www.deepki.com\\\/fr\\\/blog\\\/efficacite-energetique-cedric-borel\\\/\",\"name\":\"Efficacit\u00e9 \u00e9nerg\u00e9tique dans l\u2019immobilier tertiaire fran\u00e7ais : C\u00e9dric Borel vous livre son analyse - Deepki\",\"isPartOf\":{\"@id\":\"https:\\\/\\\/www.deepki.com\\\/fr\\\/#website\"},\"primaryImageOfPage\":{\"@id\":\"https:\\\/\\\/www.deepki.com\\\/fr\\\/blog\\\/efficacite-energetique-cedric-borel\\\/#primaryimage\"},\"image\":{\"@id\":\"https:\\\/\\\/www.deepki.com\\\/fr\\\/blog\\\/efficacite-energetique-cedric-borel\\\/#primaryimage\"},\"thumbnailUrl\":\"https:\\\/\\\/www.deepki.com\\\/web\\\/wp-content\\\/uploads\\\/2020\\\/05\\\/efficacite\u0301-e\u0301nerge\u0301tique.jpeg\",\"datePublished\":\"2018-04-25T22:00:00+00:00\",\"dateModified\":\"2021-08-25T14:59:05+00:00\",\"description\":\"L\u2019Institut Fran\u00e7ais pour la Performance du B\u00e2timent (IFPEB) d\u00e9voile les laur\u00e9ats du CUBE 2020. C\u00e9dric Borel nous parle de l'immobilier tertiaire.\",\"breadcrumb\":{\"@id\":\"https:\\\/\\\/www.deepki.com\\\/fr\\\/blog\\\/efficacite-energetique-cedric-borel\\\/#breadcrumb\"},\"inLanguage\":\"fr-FR\",\"potentialAction\":[{\"@type\":\"ReadAction\",\"target\":[\"https:\\\/\\\/www.deepki.com\\\/fr\\\/blog\\\/efficacite-energetique-cedric-borel\\\/\"]}]},{\"@type\":\"ImageObject\",\"inLanguage\":\"fr-FR\",\"@id\":\"https:\\\/\\\/www.deepki.com\\\/fr\\\/blog\\\/efficacite-energetique-cedric-borel\\\/#primaryimage\",\"url\":\"https:\\\/\\\/www.deepki.com\\\/web\\\/wp-content\\\/uploads\\\/2020\\\/05\\\/efficacite\u0301-e\u0301nerge\u0301tique.jpeg\",\"contentUrl\":\"https:\\\/\\\/www.deepki.com\\\/web\\\/wp-content\\\/uploads\\\/2020\\\/05\\\/efficacite\u0301-e\u0301nerge\u0301tique.jpeg\",\"width\":966,\"height\":725},{\"@type\":\"BreadcrumbList\",\"@id\":\"https:\\\/\\\/www.deepki.com\\\/fr\\\/blog\\\/efficacite-energetique-cedric-borel\\\/#breadcrumb\",\"itemListElement\":[{\"@type\":\"ListItem\",\"position\":1,\"name\":\"Home\",\"item\":\"https:\\\/\\\/www.deepki.com\\\/fr\\\/\"},{\"@type\":\"ListItem\",\"position\":2,\"name\":\"Performance environnementale\",\"item\":\"https:\\\/\\\/www.deepki.com\\\/fr\\\/blog\\\/performance-environnementale\\\/\"},{\"@type\":\"ListItem\",\"position\":3,\"name\":\"Efficacit\u00e9 \u00e9nerg\u00e9tique dans l\u2019immobilier tertiaire fran\u00e7ais : C\u00e9dric Borel vous livre son analyse\"}]},{\"@type\":\"WebSite\",\"@id\":\"https:\\\/\\\/www.deepki.com\\\/fr\\\/#website\",\"url\":\"https:\\\/\\\/www.deepki.com\\\/fr\\\/\",\"name\":\"Deepki\",\"description\":\"Together, let&#039;s make your real estate more sustainable thanks to data!\",\"publisher\":{\"@id\":\"https:\\\/\\\/www.deepki.com\\\/fr\\\/#organization\"},\"potentialAction\":[{\"@type\":\"SearchAction\",\"target\":{\"@type\":\"EntryPoint\",\"urlTemplate\":\"https:\\\/\\\/www.deepki.com\\\/fr\\\/?s={search_term_string}\"},\"query-input\":{\"@type\":\"PropertyValueSpecification\",\"valueRequired\":true,\"valueName\":\"search_term_string\"}}],\"inLanguage\":\"fr-FR\"},{\"@type\":\"Organization\",\"@id\":\"https:\\\/\\\/www.deepki.com\\\/fr\\\/#organization\",\"name\":\"Deepki\",\"url\":\"https:\\\/\\\/www.deepki.com\\\/fr\\\/\",\"logo\":{\"@type\":\"ImageObject\",\"inLanguage\":\"fr-FR\",\"@id\":\"https:\\\/\\\/www.deepki.com\\\/fr\\\/#\\\/schema\\\/logo\\\/image\\\/\",\"url\":\"https:\\\/\\\/www.deepki.com\\\/web\\\/wp-content\\\/uploads\\\/2021\\\/08\\\/deepki-logo.jpg\",\"contentUrl\":\"https:\\\/\\\/www.deepki.com\\\/web\\\/wp-content\\\/uploads\\\/2021\\\/08\\\/deepki-logo.jpg\",\"width\":880,\"height\":360,\"caption\":\"Deepki\"},\"image\":{\"@id\":\"https:\\\/\\\/www.deepki.com\\\/fr\\\/#\\\/schema\\\/logo\\\/image\\\/\"},\"sameAs\":[\"https:\\\/\\\/www.facebook.com\\\/DeepkiSAS\\\/\",\"https:\\\/\\\/x.com\\\/DeepkiSAS\",\"https:\\\/\\\/www.linkedin.com\\\/company\\\/deepki\"]},{\"@type\":\"Person\",\"@id\":\"https:\\\/\\\/www.deepki.com\\\/fr\\\/#\\\/schema\\\/person\\\/d9cb920191e23c2e488a55f07b72c5eb\",\"name\":\"Agathe Monteil\",\"image\":{\"@type\":\"ImageObject\",\"inLanguage\":\"fr-FR\",\"@id\":\"https:\\\/\\\/secure.gravatar.com\\\/avatar\\\/b0272edc8728cd326556f1e842cc9d250cd7419408d4d45e0cc467d3802c379c?s=96&d=mm&r=g\",\"url\":\"https:\\\/\\\/secure.gravatar.com\\\/avatar\\\/b0272edc8728cd326556f1e842cc9d250cd7419408d4d45e0cc467d3802c379c?s=96&d=mm&r=g\",\"contentUrl\":\"https:\\\/\\\/secure.gravatar.com\\\/avatar\\\/b0272edc8728cd326556f1e842cc9d250cd7419408d4d45e0cc467d3802c379c?s=96&d=mm&r=g\",\"caption\":\"Agathe Monteil\"}}]}<\/script>\n<!-- \/ Yoast SEO plugin. -->","yoast_head_json":{"title":"Efficacit\u00e9 \u00e9nerg\u00e9tique dans l\u2019immobilier tertiaire fran\u00e7ais : C\u00e9dric Borel vous livre son analyse - Deepki","description":"L\u2019Institut Fran\u00e7ais pour la Performance du B\u00e2timent (IFPEB) d\u00e9voile les laur\u00e9ats du CUBE 2020. C\u00e9dric Borel nous parle de l'immobilier tertiaire.","robots":{"index":"index","follow":"follow","max-snippet":"max-snippet:-1","max-image-preview":"max-image-preview:large","max-video-preview":"max-video-preview:-1"},"canonical":"https:\/\/www.deepki.com\/fr\/blog\/efficacite-energetique-cedric-borel\/","og_locale":"fr_FR","og_type":"article","og_title":"Efficacit\u00e9 \u00e9nerg\u00e9tique dans l\u2019immobilier tertiaire fran\u00e7ais : C\u00e9dric Borel vous livre son analyse - Deepki","og_description":"L\u2019Institut Fran\u00e7ais pour la Performance du B\u00e2timent (IFPEB) d\u00e9voile les laur\u00e9ats du CUBE 2020. C\u00e9dric Borel nous parle de l'immobilier tertiaire.","og_url":"https:\/\/www.deepki.com\/fr\/blog\/efficacite-energetique-cedric-borel\/","og_site_name":"Deepki","article_publisher":"https:\/\/www.facebook.com\/DeepkiSAS\/","article_published_time":"2018-04-25T22:00:00+00:00","article_modified_time":"2021-08-25T14:59:05+00:00","og_image":[{"width":966,"height":725,"url":"https:\/\/www.deepki.com\/web\/wp-content\/uploads\/2020\/05\/efficacite\u0301-e\u0301nerge\u0301tique.jpeg","type":"image\/jpeg"}],"author":"Agathe Monteil","twitter_card":"summary_large_image","twitter_title":"Efficacit\u00e9 \u00e9nerg\u00e9tique dans l\u2019immobilier tertiaire fran\u00e7ais : C\u00e9dric Borel vous livre son analyse - Deepki","twitter_description":"L\u2019Institut Fran\u00e7ais pour la Performance du B\u00e2timent (IFPEB) d\u00e9voile les laur\u00e9ats du CUBE 2020. C\u00e9dric Borel nous parle de l'immobilier tertiaire.","twitter_image":"https:\/\/www.deepki.com\/web\/wp-content\/uploads\/2020\/05\/efficacite\u0301-e\u0301nerge\u0301tique.jpeg","twitter_creator":"@DeepkiSAS","twitter_site":"@DeepkiSAS","twitter_misc":{"\u00c9crit par":"Agathe Monteil","Dur\u00e9e de lecture estim\u00e9e":"5 minutes"},"schema":{"@context":"https:\/\/schema.org","@graph":[{"@type":"Article","@id":"https:\/\/www.deepki.com\/fr\/blog\/efficacite-energetique-cedric-borel\/#article","isPartOf":{"@id":"https:\/\/www.deepki.com\/fr\/blog\/efficacite-energetique-cedric-borel\/"},"author":{"name":"Agathe Monteil","@id":"https:\/\/www.deepki.com\/fr\/#\/schema\/person\/d9cb920191e23c2e488a55f07b72c5eb"},"headline":"Efficacit\u00e9 \u00e9nerg\u00e9tique dans l\u2019immobilier tertiaire fran\u00e7ais : C\u00e9dric Borel vous livre son analyse","datePublished":"2018-04-25T22:00:00+00:00","dateModified":"2021-08-25T14:59:05+00:00","mainEntityOfPage":{"@id":"https:\/\/www.deepki.com\/fr\/blog\/efficacite-energetique-cedric-borel\/"},"wordCount":1200,"commentCount":0,"publisher":{"@id":"https:\/\/www.deepki.com\/fr\/#organization"},"image":{"@id":"https:\/\/www.deepki.com\/fr\/blog\/efficacite-energetique-cedric-borel\/#primaryimage"},"thumbnailUrl":"https:\/\/www.deepki.com\/web\/wp-content\/uploads\/2020\/05\/efficacite\u0301-e\u0301nerge\u0301tique.jpeg","articleSection":["Actualit\u00e9s","Performance environnementale"],"inLanguage":"fr-FR","potentialAction":[{"@type":"CommentAction","name":"Comment","target":["https:\/\/www.deepki.com\/fr\/blog\/efficacite-energetique-cedric-borel\/#respond"]}]},{"@type":"WebPage","@id":"https:\/\/www.deepki.com\/fr\/blog\/efficacite-energetique-cedric-borel\/","url":"https:\/\/www.deepki.com\/fr\/blog\/efficacite-energetique-cedric-borel\/","name":"Efficacit\u00e9 \u00e9nerg\u00e9tique dans l\u2019immobilier tertiaire fran\u00e7ais : C\u00e9dric Borel vous livre son analyse - Deepki","isPartOf":{"@id":"https:\/\/www.deepki.com\/fr\/#website"},"primaryImageOfPage":{"@id":"https:\/\/www.deepki.com\/fr\/blog\/efficacite-energetique-cedric-borel\/#primaryimage"},"image":{"@id":"https:\/\/www.deepki.com\/fr\/blog\/efficacite-energetique-cedric-borel\/#primaryimage"},"thumbnailUrl":"https:\/\/www.deepki.com\/web\/wp-content\/uploads\/2020\/05\/efficacite\u0301-e\u0301nerge\u0301tique.jpeg","datePublished":"2018-04-25T22:00:00+00:00","dateModified":"2021-08-25T14:59:05+00:00","description":"L\u2019Institut Fran\u00e7ais pour la Performance du B\u00e2timent (IFPEB) d\u00e9voile les laur\u00e9ats du CUBE 2020. C\u00e9dric Borel nous parle de l'immobilier tertiaire.","breadcrumb":{"@id":"https:\/\/www.deepki.com\/fr\/blog\/efficacite-energetique-cedric-borel\/#breadcrumb"},"inLanguage":"fr-FR","potentialAction":[{"@type":"ReadAction","target":["https:\/\/www.deepki.com\/fr\/blog\/efficacite-energetique-cedric-borel\/"]}]},{"@type":"ImageObject","inLanguage":"fr-FR","@id":"https:\/\/www.deepki.com\/fr\/blog\/efficacite-energetique-cedric-borel\/#primaryimage","url":"https:\/\/www.deepki.com\/web\/wp-content\/uploads\/2020\/05\/efficacite\u0301-e\u0301nerge\u0301tique.jpeg","contentUrl":"https:\/\/www.deepki.com\/web\/wp-content\/uploads\/2020\/05\/efficacite\u0301-e\u0301nerge\u0301tique.jpeg","width":966,"height":725},{"@type":"BreadcrumbList","@id":"https:\/\/www.deepki.com\/fr\/blog\/efficacite-energetique-cedric-borel\/#breadcrumb","itemListElement":[{"@type":"ListItem","position":1,"name":"Home","item":"https:\/\/www.deepki.com\/fr\/"},{"@type":"ListItem","position":2,"name":"Performance environnementale","item":"https:\/\/www.deepki.com\/fr\/blog\/performance-environnementale\/"},{"@type":"ListItem","position":3,"name":"Efficacit\u00e9 \u00e9nerg\u00e9tique dans l\u2019immobilier tertiaire fran\u00e7ais : C\u00e9dric Borel vous livre son analyse"}]},{"@type":"WebSite","@id":"https:\/\/www.deepki.com\/fr\/#website","url":"https:\/\/www.deepki.com\/fr\/","name":"Deepki","description":"Together, let&#039;s make your real estate more sustainable thanks to data!","publisher":{"@id":"https:\/\/www.deepki.com\/fr\/#organization"},"potentialAction":[{"@type":"SearchAction","target":{"@type":"EntryPoint","urlTemplate":"https:\/\/www.deepki.com\/fr\/?s={search_term_string}"},"query-input":{"@type":"PropertyValueSpecification","valueRequired":true,"valueName":"search_term_string"}}],"inLanguage":"fr-FR"},{"@type":"Organization","@id":"https:\/\/www.deepki.com\/fr\/#organization","name":"Deepki","url":"https:\/\/www.deepki.com\/fr\/","logo":{"@type":"ImageObject","inLanguage":"fr-FR","@id":"https:\/\/www.deepki.com\/fr\/#\/schema\/logo\/image\/","url":"https:\/\/www.deepki.com\/web\/wp-content\/uploads\/2021\/08\/deepki-logo.jpg","contentUrl":"https:\/\/www.deepki.com\/web\/wp-content\/uploads\/2021\/08\/deepki-logo.jpg","width":880,"height":360,"caption":"Deepki"},"image":{"@id":"https:\/\/www.deepki.com\/fr\/#\/schema\/logo\/image\/"},"sameAs":["https:\/\/www.facebook.com\/DeepkiSAS\/","https:\/\/x.com\/DeepkiSAS","https:\/\/www.linkedin.com\/company\/deepki"]},{"@type":"Person","@id":"https:\/\/www.deepki.com\/fr\/#\/schema\/person\/d9cb920191e23c2e488a55f07b72c5eb","name":"Agathe Monteil","image":{"@type":"ImageObject","inLanguage":"fr-FR","@id":"https:\/\/secure.gravatar.com\/avatar\/b0272edc8728cd326556f1e842cc9d250cd7419408d4d45e0cc467d3802c379c?s=96&d=mm&r=g","url":"https:\/\/secure.gravatar.com\/avatar\/b0272edc8728cd326556f1e842cc9d250cd7419408d4d45e0cc467d3802c379c?s=96&d=mm&r=g","contentUrl":"https:\/\/secure.gravatar.com\/avatar\/b0272edc8728cd326556f1e842cc9d250cd7419408d4d45e0cc467d3802c379c?s=96&d=mm&r=g","caption":"Agathe Monteil"}}]}},"_links":{"self":[{"href":"https:\/\/www.deepki.com\/fr\/wp-json\/wp\/v2\/posts\/459","targetHints":{"allow":["GET"]}}],"collection":[{"href":"https:\/\/www.deepki.com\/fr\/wp-json\/wp\/v2\/posts"}],"about":[{"href":"https:\/\/www.deepki.com\/fr\/wp-json\/wp\/v2\/types\/post"}],"author":[{"embeddable":true,"href":"https:\/\/www.deepki.com\/fr\/wp-json\/wp\/v2\/users\/49"}],"replies":[{"embeddable":true,"href":"https:\/\/www.deepki.com\/fr\/wp-json\/wp\/v2\/comments?post=459"}],"version-history":[{"count":8,"href":"https:\/\/www.deepki.com\/fr\/wp-json\/wp\/v2\/posts\/459\/revisions"}],"predecessor-version":[{"id":57972,"href":"https:\/\/www.deepki.com\/fr\/wp-json\/wp\/v2\/posts\/459\/revisions\/57972"}],"wp:featuredmedia":[{"embeddable":true,"href":"https:\/\/www.deepki.com\/fr\/wp-json\/wp\/v2\/media\/460"}],"wp:attachment":[{"href":"https:\/\/www.deepki.com\/fr\/wp-json\/wp\/v2\/media?parent=459"}],"wp:term":[{"taxonomy":"category","embeddable":true,"href":"https:\/\/www.deepki.com\/fr\/wp-json\/wp\/v2\/categories?post=459"},{"taxonomy":"post_tag","embeddable":true,"href":"https:\/\/www.deepki.com\/fr\/wp-json\/wp\/v2\/tags?post=459"}],"curies":[{"name":"wp","href":"https:\/\/api.w.org\/{rel}","templated":true}]}}