{"id":524,"date":"2018-10-18T00:00:00","date_gmt":"2018-10-17T22:00:00","guid":{"rendered":"https:\/\/blog.deepki.com\/2018\/10\/18\/communes-parties-prenantes-a-valoriser\/"},"modified":"2023-05-19T14:43:01","modified_gmt":"2023-05-19T12:43:01","slug":"communes-parties-prenantes-a-valoriser","status":"publish","type":"post","link":"https:\/\/www.deepki.com\/fr\/blog\/communes-parties-prenantes-a-valoriser\/","title":{"rendered":"Les communes : des parties prenantes \u00e0 valoriser pour booster la transition \u00e9nerg\u00e9tique"},"content":{"rendered":"<p style=\"text-align: justify;\"><span style=\"font-weight: bold;\"><span class=\"dropcap\">L<\/span><strong>es communes sont au c\u0153ur des enjeux \u00e9nerg\u00e9tiques de demain pour 3 raisons essentielles. Tout d\u2019abord, elles sont de grandes consommatrices du fait de leur vocation de service public : 22 5000 b\u00e2timents publics g\u00e9r\u00e9s, 9 millions de points d\u2019\u00e9clairage, 15 % de la consommation du secteur tertiaire. Elles n\u2019ont \u00e9galement pas encore termin\u00e9 d\u2019optimiser leurs achats d\u2019\u00e9nergie en faisant de r\u00e9elles \u00e9conomies : l\u2019\u00e9nergie repr\u00e9sente encore 3 % \u00e0 6 % des d\u00e9penses de fonctionnement. De plus, elles doivent \u00eatre exemplaires vis-\u00e0-vis de la politique gouvernementale en place et de leurs administr\u00e9s. Tr\u00e8s concr\u00e8tement, les communes de plus de 20 000 habitants sont cens\u00e9es commencer \u00e0 d\u00e9ployer un Plan Climat Air Energie Territorial depuis le 1er janvier 2017.<\/strong><\/span><\/p>\n<h2><strong>Initiative<\/strong><\/h2>\n<p style=\"text-align: left;\">Les entreprises de la gestion de l\u2019\u00e9nergie dans les b\u00e2timents et leurs organisations professionnelles ont men\u00e9 une \u00e9tude aupr\u00e8s des communes sur la transition \u00e9nerg\u00e9tique, afin d\u2019en extraire des tendances g\u00e9n\u00e9rales, au-del\u00e0 du simple crit\u00e8re de taille. 70 interviews ont \u00e9t\u00e9 conduites \u00e0 cet effet.<\/p>\n<p style=\"text-align: right;\"><em>\u00c0 lire \u00e9galement : <a href=\"https:\/\/www.deepki.com\/fr\/blog\/collectivites-locales-transition-energetique-long-chemin\/\" target=\"_blank\" rel=\"noopener noreferrer\">Collectivit\u00e9s locales &amp; transition \u00e9nerg\u00e9tique : un long chemin<\/a><\/em><\/p>\n<h2><strong>Objectifs<\/strong><\/h2>\n<p style=\"text-align: left;\">Il s\u2019agissait de comprendre les freins des communes \u00e0 l\u2019acc\u00e9l\u00e9ration de la transition \u00e9nerg\u00e9tique :<\/p>\n<ul>\n<li><strong>Les freins de nature financi\u00e8re :<\/strong> dans un contexte de rationalisation de co\u00fbts, les d\u00e9penses de fonctionnement sont surveill\u00e9es et les investissements r\u00e9duits. De plus, l\u2019\u00e9nergie ne fait pas partie des postes prioritaires du budget.<\/li>\n<li><strong>Les limitations li\u00e9es aux \u00e9carts d\u2019expertises :<\/strong> toutes les communes ne sont pas dot\u00e9es des m\u00eames sp\u00e9cialistes dans le domaine \u00e9nerg\u00e9tique, ce qui g\u00e9n\u00e8re naturellement des d\u00e9s\u00e9quilibres.<\/li>\n<li><strong>Des retards suite \u00e0 une m\u00e9connaissance ou une absence de ma\u00eetrise des donn\u00e9es \u00e9nerg\u00e9tiques locales :<\/strong> consommation globale, vision par b\u00e2timent\u2026<\/li>\n<li><strong>Des d\u00e9calages suite \u00e0 une faible volont\u00e9 politique dans certains cas :<\/strong> due \u00e0 une moindre pression des administr\u00e9s\u2026<\/li>\n<\/ul>\n<p style=\"text-align: left;\">Le travail de collecte a permis d\u2019identifier les leviers potentiels porteurs :<\/p>\n<ul>\n<li><strong>L\u2019affirmation de la volont\u00e9 politique :<\/strong> fermet\u00e9 affich\u00e9e, fixation d\u2019objectifs,<\/li>\n<li><strong>Le relais pris par les services techniques :<\/strong> mise en \u0153uvre et pilotage,<\/li>\n<li><strong>La mutualisation des ressources du territoire :<\/strong> \u00e9changes, retours d\u2019exp\u00e9rience, recours \u00e0 des services ou conseils communs\u2026<\/li>\n<\/ul>\n<p style=\"text-align: right;\"><em>\u00c0 lire \u00e9galement : <a href=\"https:\/\/www.deepki.com\/fr\/blog\/video-collectivites-partantes-meilleure-efficacite-energetique\/\" target=\"_blank\" rel=\"noopener noreferrer\">Les collectivit\u00e9s : partantes pour une meilleure efficacit\u00e9 \u00e9nerg\u00e9tique<\/a><\/em><\/p>\n<p style=\"text-align: left;\">Il en est \u00e9galement ressorti des points forts \u00e0 valoriser et des bonnes pratiques \u00e0 \u00e9tendre :<\/p>\n<ul>\n<li><strong>La connaissance du parc des b\u00e2timents : <\/strong>exhaustive et partag\u00e9e par tous les acteurs.<\/li>\n<li><strong>La nomination de r\u00e9f\u00e9rents<\/strong> d\u00e9di\u00e9s \u00e0 la mission de transition \u00e9nerg\u00e9tique.<\/li>\n<li><strong>Une d\u00e9marche progressive<\/strong> qui met en avant les \u00ab quick wins \u00bb ou avanc\u00e9es mesurables pour un moindre co\u00fbt, effort et\/ou d\u00e9lai court : le ratio estim\u00e9 est de 20 % d\u2019investissements initiaux pour 80 % de r\u00e9sultats.<\/li>\n<li><strong>Le co\u00fbt net des investissements<\/strong> qui est acceptable au regard des dispositifs d\u2019incitations financi\u00e8res existants.<\/li>\n<li><strong>Les moyens \u00e0 utiliser par les petites communes<\/strong> dans un effet de synergie.<\/li>\n<li><strong>Le mode de travail<\/strong> en gestion de projet.<\/li>\n<li><strong>Le pacte d\u2019\u00e9conomies d\u2019\u00e9nergies<\/strong> \u00e0 formaliser dans les contrats avec les prestataires et sous-traitants.<\/li>\n<li><strong>La communication positive<\/strong> pour rappeler l\u2019\u00e9tat des lieux initial, les progr\u00e8s accomplis et le reste \u00e0 faire.<\/li>\n<\/ul>\n<h5 style=\"text-align: left;\"><strong>Soyez notifi\u00e9 lors de la sortie du guide d\u2019analyse <em>\u00ab Strat\u00e9gie d\u00e9cret tertiaire \u00bb\u00a0<\/em><\/strong><\/h5>\n\n\n<p><script> hbspt.cta.load(19531822, 'f7a041ce-acf0-4a36-82a3-fd450733c166', {\"region\":\"na1\"}); <\/script><\/p>\n\n\n\n<figure class=\"wp-block-image size-full\"><a href=\"https:\/\/content.deepki.com\/fr_deepki_guide_decret_tertiaire?utm_medium=organic&amp;utm_source=blog_cta&amp;utm_campaign=2023_03_FR_WHITEPAPER_DTGUIDE&amp;utm_content=landing_page\" target=\"_blank\" rel=\"noreferrer noopener\"><img decoding=\"async\" width=\"960\" height=\"540\" src=\"https:\/\/www.deepki.com\/web\/wp-content\/uploads\/2023\/04\/DT-guide-visual-CTA.png\" alt=\"\" class=\"wp-image-73632\" srcset=\"https:\/\/www.deepki.com\/web\/wp-content\/uploads\/2023\/04\/DT-guide-visual-CTA.png 960w, https:\/\/www.deepki.com\/web\/wp-content\/uploads\/2023\/04\/DT-guide-visual-CTA-300x169.png 300w, https:\/\/www.deepki.com\/web\/wp-content\/uploads\/2023\/04\/DT-guide-visual-CTA-768x432.png 768w, https:\/\/www.deepki.com\/web\/wp-content\/uploads\/2023\/04\/DT-guide-visual-CTA-80x45.png 80w, https:\/\/www.deepki.com\/web\/wp-content\/uploads\/2023\/04\/DT-guide-visual-CTA-260x146.png 260w\" sizes=\"(max-width: 960px) 100vw, 960px\" \/><\/a><\/figure>\n","protected":false},"excerpt":{"rendered":"<p>Les communes sont au c\u0153ur des enjeux \u00e9nerg\u00e9tiques de demain pour 3 raisons essentielles. Tout d\u2019abord, elles sont de grandes consommatrices du fait de leur vocation de service public : 22 5000 b\u00e2timents publics g\u00e9r\u00e9s, 9 millions de points d\u2019\u00e9clairage, 15 % de la consommation du secteur tertiaire. Elles n\u2019ont \u00e9galement pas encore termin\u00e9 d\u2019optimiser [&hellip;]<\/p>\n","protected":false},"author":41,"featured_media":75662,"comment_status":"open","ping_status":"open","sticky":false,"template":"","format":"standard","meta":{"inline_featured_image":false,"footnotes":""},"categories":[120],"tags":[],"class_list":["post-524","post","type-post","status-publish","format-standard","has-post-thumbnail","hentry","category-performance-environnementale"],"yoast_head":"<!-- This site is optimized with the Yoast SEO plugin v27.3 - https:\/\/yoast.com\/product\/yoast-seo-wordpress\/ -->\n<title>Les communes : des parties prenantes \u00e0 valoriser pour booster la transition \u00e9nerg\u00e9tique - Deepki<\/title>\n<meta name=\"description\" content=\"Les communes sont au c\u0153ur des enjeux \u00e9nerg\u00e9tiques de demain mais quels sont les freins des communes \u00e0 l\u2019acc\u00e9l\u00e9ration de la transition \u00e9nerg\u00e9tique ?\" \/>\n<meta name=\"robots\" content=\"index, follow, max-snippet:-1, max-image-preview:large, max-video-preview:-1\" \/>\n<link rel=\"canonical\" href=\"https:\/\/www.deepki.com\/fr\/blog\/communes-parties-prenantes-a-valoriser\/\" \/>\n<meta property=\"og:locale\" content=\"fr_FR\" \/>\n<meta property=\"og:type\" content=\"article\" \/>\n<meta property=\"og:title\" content=\"Les communes : des parties prenantes \u00e0 valoriser pour booster la transition \u00e9nerg\u00e9tique - Deepki\" \/>\n<meta property=\"og:description\" content=\"Les communes sont au c\u0153ur des enjeux \u00e9nerg\u00e9tiques de demain mais quels sont les freins des communes \u00e0 l\u2019acc\u00e9l\u00e9ration de la transition \u00e9nerg\u00e9tique ?\" \/>\n<meta property=\"og:url\" content=\"https:\/\/www.deepki.com\/fr\/blog\/communes-parties-prenantes-a-valoriser\/\" \/>\n<meta property=\"og:site_name\" content=\"Deepki\" \/>\n<meta property=\"article:publisher\" content=\"https:\/\/www.facebook.com\/DeepkiSAS\/\" \/>\n<meta property=\"article:published_time\" content=\"2018-10-17T22:00:00+00:00\" \/>\n<meta property=\"article:modified_time\" content=\"2023-05-19T12:43:01+00:00\" \/>\n<meta property=\"og:image\" content=\"https:\/\/www.deepki.com\/web\/wp-content\/uploads\/2020\/05\/communes.jpeg\" \/>\n\t<meta property=\"og:image:width\" content=\"1189\" \/>\n\t<meta property=\"og:image:height\" content=\"669\" \/>\n\t<meta property=\"og:image:type\" content=\"image\/jpeg\" \/>\n<meta name=\"author\" content=\"Cl\u00e9mence Michel\" \/>\n<meta name=\"twitter:card\" content=\"summary_large_image\" \/>\n<meta name=\"twitter:title\" content=\"Les communes : des parties prenantes \u00e0 valoriser pour booster la transition \u00e9nerg\u00e9tique - Deepki\" \/>\n<meta name=\"twitter:description\" content=\"Les communes sont au c\u0153ur des enjeux \u00e9nerg\u00e9tiques de demain mais quels sont les freins des communes \u00e0 l\u2019acc\u00e9l\u00e9ration de la transition \u00e9nerg\u00e9tique ?\" \/>\n<meta name=\"twitter:image\" content=\"https:\/\/www.deepki.com\/web\/wp-content\/uploads\/2020\/05\/communes.jpeg\" \/>\n<meta name=\"twitter:creator\" content=\"@DeepkiSAS\" \/>\n<meta name=\"twitter:site\" content=\"@DeepkiSAS\" \/>\n<meta name=\"twitter:label1\" content=\"\u00c9crit par\" \/>\n\t<meta name=\"twitter:data1\" content=\"Cl\u00e9mence Michel\" \/>\n\t<meta name=\"twitter:label2\" content=\"Dur\u00e9e de lecture estim\u00e9e\" \/>\n\t<meta name=\"twitter:data2\" content=\"3 minutes\" \/>\n<script type=\"application\/ld+json\" class=\"yoast-schema-graph\">{\"@context\":\"https:\\\/\\\/schema.org\",\"@graph\":[{\"@type\":\"Article\",\"@id\":\"https:\\\/\\\/www.deepki.com\\\/fr\\\/blog\\\/communes-parties-prenantes-a-valoriser\\\/#article\",\"isPartOf\":{\"@id\":\"https:\\\/\\\/www.deepki.com\\\/fr\\\/blog\\\/communes-parties-prenantes-a-valoriser\\\/\"},\"author\":{\"name\":\"Cl\u00e9mence Michel\",\"@id\":\"https:\\\/\\\/www.deepki.com\\\/fr\\\/#\\\/schema\\\/person\\\/4b4af3817134526ceb143101fd87ab5d\"},\"headline\":\"Les communes : des parties prenantes \u00e0 valoriser pour booster la transition \u00e9nerg\u00e9tique\",\"datePublished\":\"2018-10-17T22:00:00+00:00\",\"dateModified\":\"2023-05-19T12:43:01+00:00\",\"mainEntityOfPage\":{\"@id\":\"https:\\\/\\\/www.deepki.com\\\/fr\\\/blog\\\/communes-parties-prenantes-a-valoriser\\\/\"},\"wordCount\":569,\"commentCount\":0,\"publisher\":{\"@id\":\"https:\\\/\\\/www.deepki.com\\\/fr\\\/#organization\"},\"image\":{\"@id\":\"https:\\\/\\\/www.deepki.com\\\/fr\\\/blog\\\/communes-parties-prenantes-a-valoriser\\\/#primaryimage\"},\"thumbnailUrl\":\"https:\\\/\\\/www.deepki.com\\\/web\\\/wp-content\\\/uploads\\\/2018\\\/10\\\/tom-podmore-9iT6ufVQRCY-unsplash-scaled.jpg\",\"articleSection\":[\"Performance environnementale\"],\"inLanguage\":\"fr-FR\",\"potentialAction\":[{\"@type\":\"CommentAction\",\"name\":\"Comment\",\"target\":[\"https:\\\/\\\/www.deepki.com\\\/fr\\\/blog\\\/communes-parties-prenantes-a-valoriser\\\/#respond\"]}]},{\"@type\":\"WebPage\",\"@id\":\"https:\\\/\\\/www.deepki.com\\\/fr\\\/blog\\\/communes-parties-prenantes-a-valoriser\\\/\",\"url\":\"https:\\\/\\\/www.deepki.com\\\/fr\\\/blog\\\/communes-parties-prenantes-a-valoriser\\\/\",\"name\":\"Les communes : des parties prenantes \u00e0 valoriser pour booster la transition \u00e9nerg\u00e9tique - Deepki\",\"isPartOf\":{\"@id\":\"https:\\\/\\\/www.deepki.com\\\/fr\\\/#website\"},\"primaryImageOfPage\":{\"@id\":\"https:\\\/\\\/www.deepki.com\\\/fr\\\/blog\\\/communes-parties-prenantes-a-valoriser\\\/#primaryimage\"},\"image\":{\"@id\":\"https:\\\/\\\/www.deepki.com\\\/fr\\\/blog\\\/communes-parties-prenantes-a-valoriser\\\/#primaryimage\"},\"thumbnailUrl\":\"https:\\\/\\\/www.deepki.com\\\/web\\\/wp-content\\\/uploads\\\/2018\\\/10\\\/tom-podmore-9iT6ufVQRCY-unsplash-scaled.jpg\",\"datePublished\":\"2018-10-17T22:00:00+00:00\",\"dateModified\":\"2023-05-19T12:43:01+00:00\",\"description\":\"Les communes sont au c\u0153ur des enjeux \u00e9nerg\u00e9tiques de demain mais quels sont les freins des communes \u00e0 l\u2019acc\u00e9l\u00e9ration de la transition \u00e9nerg\u00e9tique ?\",\"breadcrumb\":{\"@id\":\"https:\\\/\\\/www.deepki.com\\\/fr\\\/blog\\\/communes-parties-prenantes-a-valoriser\\\/#breadcrumb\"},\"inLanguage\":\"fr-FR\",\"potentialAction\":[{\"@type\":\"ReadAction\",\"target\":[\"https:\\\/\\\/www.deepki.com\\\/fr\\\/blog\\\/communes-parties-prenantes-a-valoriser\\\/\"]}]},{\"@type\":\"ImageObject\",\"inLanguage\":\"fr-FR\",\"@id\":\"https:\\\/\\\/www.deepki.com\\\/fr\\\/blog\\\/communes-parties-prenantes-a-valoriser\\\/#primaryimage\",\"url\":\"https:\\\/\\\/www.deepki.com\\\/web\\\/wp-content\\\/uploads\\\/2018\\\/10\\\/tom-podmore-9iT6ufVQRCY-unsplash-scaled.jpg\",\"contentUrl\":\"https:\\\/\\\/www.deepki.com\\\/web\\\/wp-content\\\/uploads\\\/2018\\\/10\\\/tom-podmore-9iT6ufVQRCY-unsplash-scaled.jpg\",\"width\":2560,\"height\":1543},{\"@type\":\"BreadcrumbList\",\"@id\":\"https:\\\/\\\/www.deepki.com\\\/fr\\\/blog\\\/communes-parties-prenantes-a-valoriser\\\/#breadcrumb\",\"itemListElement\":[{\"@type\":\"ListItem\",\"position\":1,\"name\":\"Home\",\"item\":\"https:\\\/\\\/www.deepki.com\\\/fr\\\/\"},{\"@type\":\"ListItem\",\"position\":2,\"name\":\"Performance environnementale\",\"item\":\"https:\\\/\\\/www.deepki.com\\\/fr\\\/blog\\\/performance-environnementale\\\/\"},{\"@type\":\"ListItem\",\"position\":3,\"name\":\"Les communes : des parties prenantes \u00e0 valoriser pour booster la transition \u00e9nerg\u00e9tique\"}]},{\"@type\":\"WebSite\",\"@id\":\"https:\\\/\\\/www.deepki.com\\\/fr\\\/#website\",\"url\":\"https:\\\/\\\/www.deepki.com\\\/fr\\\/\",\"name\":\"Deepki\",\"description\":\"Together, let&#039;s make your real estate more sustainable thanks to data!\",\"publisher\":{\"@id\":\"https:\\\/\\\/www.deepki.com\\\/fr\\\/#organization\"},\"potentialAction\":[{\"@type\":\"SearchAction\",\"target\":{\"@type\":\"EntryPoint\",\"urlTemplate\":\"https:\\\/\\\/www.deepki.com\\\/fr\\\/?s={search_term_string}\"},\"query-input\":{\"@type\":\"PropertyValueSpecification\",\"valueRequired\":true,\"valueName\":\"search_term_string\"}}],\"inLanguage\":\"fr-FR\"},{\"@type\":\"Organization\",\"@id\":\"https:\\\/\\\/www.deepki.com\\\/fr\\\/#organization\",\"name\":\"Deepki\",\"url\":\"https:\\\/\\\/www.deepki.com\\\/fr\\\/\",\"logo\":{\"@type\":\"ImageObject\",\"inLanguage\":\"fr-FR\",\"@id\":\"https:\\\/\\\/www.deepki.com\\\/fr\\\/#\\\/schema\\\/logo\\\/image\\\/\",\"url\":\"https:\\\/\\\/www.deepki.com\\\/web\\\/wp-content\\\/uploads\\\/2021\\\/08\\\/deepki-logo.jpg\",\"contentUrl\":\"https:\\\/\\\/www.deepki.com\\\/web\\\/wp-content\\\/uploads\\\/2021\\\/08\\\/deepki-logo.jpg\",\"width\":880,\"height\":360,\"caption\":\"Deepki\"},\"image\":{\"@id\":\"https:\\\/\\\/www.deepki.com\\\/fr\\\/#\\\/schema\\\/logo\\\/image\\\/\"},\"sameAs\":[\"https:\\\/\\\/www.facebook.com\\\/DeepkiSAS\\\/\",\"https:\\\/\\\/x.com\\\/DeepkiSAS\",\"https:\\\/\\\/www.linkedin.com\\\/company\\\/deepki\"]},{\"@type\":\"Person\",\"@id\":\"https:\\\/\\\/www.deepki.com\\\/fr\\\/#\\\/schema\\\/person\\\/4b4af3817134526ceb143101fd87ab5d\",\"name\":\"Cl\u00e9mence Michel\",\"image\":{\"@type\":\"ImageObject\",\"inLanguage\":\"fr-FR\",\"@id\":\"https:\\\/\\\/secure.gravatar.com\\\/avatar\\\/b269ba980c9157e7f85e54013777a8b67ed179726166ea0f78a5c9066f33bccb?s=96&d=mm&r=g\",\"url\":\"https:\\\/\\\/secure.gravatar.com\\\/avatar\\\/b269ba980c9157e7f85e54013777a8b67ed179726166ea0f78a5c9066f33bccb?s=96&d=mm&r=g\",\"contentUrl\":\"https:\\\/\\\/secure.gravatar.com\\\/avatar\\\/b269ba980c9157e7f85e54013777a8b67ed179726166ea0f78a5c9066f33bccb?s=96&d=mm&r=g\",\"caption\":\"Cl\u00e9mence Michel\"}}]}<\/script>\n<!-- \/ Yoast SEO plugin. -->","yoast_head_json":{"title":"Les communes : des parties prenantes \u00e0 valoriser pour booster la transition \u00e9nerg\u00e9tique - Deepki","description":"Les communes sont au c\u0153ur des enjeux \u00e9nerg\u00e9tiques de demain mais quels sont les freins des communes \u00e0 l\u2019acc\u00e9l\u00e9ration de la transition \u00e9nerg\u00e9tique ?","robots":{"index":"index","follow":"follow","max-snippet":"max-snippet:-1","max-image-preview":"max-image-preview:large","max-video-preview":"max-video-preview:-1"},"canonical":"https:\/\/www.deepki.com\/fr\/blog\/communes-parties-prenantes-a-valoriser\/","og_locale":"fr_FR","og_type":"article","og_title":"Les communes : des parties prenantes \u00e0 valoriser pour booster la transition \u00e9nerg\u00e9tique - Deepki","og_description":"Les communes sont au c\u0153ur des enjeux \u00e9nerg\u00e9tiques de demain mais quels sont les freins des communes \u00e0 l\u2019acc\u00e9l\u00e9ration de la transition \u00e9nerg\u00e9tique ?","og_url":"https:\/\/www.deepki.com\/fr\/blog\/communes-parties-prenantes-a-valoriser\/","og_site_name":"Deepki","article_publisher":"https:\/\/www.facebook.com\/DeepkiSAS\/","article_published_time":"2018-10-17T22:00:00+00:00","article_modified_time":"2023-05-19T12:43:01+00:00","og_image":[{"width":1189,"height":669,"url":"https:\/\/www.deepki.com\/web\/wp-content\/uploads\/2020\/05\/communes.jpeg","type":"image\/jpeg"}],"author":"Cl\u00e9mence Michel","twitter_card":"summary_large_image","twitter_title":"Les communes : des parties prenantes \u00e0 valoriser pour booster la transition \u00e9nerg\u00e9tique - Deepki","twitter_description":"Les communes sont au c\u0153ur des enjeux \u00e9nerg\u00e9tiques de demain mais quels sont les freins des communes \u00e0 l\u2019acc\u00e9l\u00e9ration de la transition \u00e9nerg\u00e9tique ?","twitter_image":"https:\/\/www.deepki.com\/web\/wp-content\/uploads\/2020\/05\/communes.jpeg","twitter_creator":"@DeepkiSAS","twitter_site":"@DeepkiSAS","twitter_misc":{"\u00c9crit par":"Cl\u00e9mence Michel","Dur\u00e9e de lecture estim\u00e9e":"3 minutes"},"schema":{"@context":"https:\/\/schema.org","@graph":[{"@type":"Article","@id":"https:\/\/www.deepki.com\/fr\/blog\/communes-parties-prenantes-a-valoriser\/#article","isPartOf":{"@id":"https:\/\/www.deepki.com\/fr\/blog\/communes-parties-prenantes-a-valoriser\/"},"author":{"name":"Cl\u00e9mence Michel","@id":"https:\/\/www.deepki.com\/fr\/#\/schema\/person\/4b4af3817134526ceb143101fd87ab5d"},"headline":"Les communes : des parties prenantes \u00e0 valoriser pour booster la transition \u00e9nerg\u00e9tique","datePublished":"2018-10-17T22:00:00+00:00","dateModified":"2023-05-19T12:43:01+00:00","mainEntityOfPage":{"@id":"https:\/\/www.deepki.com\/fr\/blog\/communes-parties-prenantes-a-valoriser\/"},"wordCount":569,"commentCount":0,"publisher":{"@id":"https:\/\/www.deepki.com\/fr\/#organization"},"image":{"@id":"https:\/\/www.deepki.com\/fr\/blog\/communes-parties-prenantes-a-valoriser\/#primaryimage"},"thumbnailUrl":"https:\/\/www.deepki.com\/web\/wp-content\/uploads\/2018\/10\/tom-podmore-9iT6ufVQRCY-unsplash-scaled.jpg","articleSection":["Performance environnementale"],"inLanguage":"fr-FR","potentialAction":[{"@type":"CommentAction","name":"Comment","target":["https:\/\/www.deepki.com\/fr\/blog\/communes-parties-prenantes-a-valoriser\/#respond"]}]},{"@type":"WebPage","@id":"https:\/\/www.deepki.com\/fr\/blog\/communes-parties-prenantes-a-valoriser\/","url":"https:\/\/www.deepki.com\/fr\/blog\/communes-parties-prenantes-a-valoriser\/","name":"Les communes : des parties prenantes \u00e0 valoriser pour booster la transition \u00e9nerg\u00e9tique - Deepki","isPartOf":{"@id":"https:\/\/www.deepki.com\/fr\/#website"},"primaryImageOfPage":{"@id":"https:\/\/www.deepki.com\/fr\/blog\/communes-parties-prenantes-a-valoriser\/#primaryimage"},"image":{"@id":"https:\/\/www.deepki.com\/fr\/blog\/communes-parties-prenantes-a-valoriser\/#primaryimage"},"thumbnailUrl":"https:\/\/www.deepki.com\/web\/wp-content\/uploads\/2018\/10\/tom-podmore-9iT6ufVQRCY-unsplash-scaled.jpg","datePublished":"2018-10-17T22:00:00+00:00","dateModified":"2023-05-19T12:43:01+00:00","description":"Les communes sont au c\u0153ur des enjeux \u00e9nerg\u00e9tiques de demain mais quels sont les freins des communes \u00e0 l\u2019acc\u00e9l\u00e9ration de la transition \u00e9nerg\u00e9tique ?","breadcrumb":{"@id":"https:\/\/www.deepki.com\/fr\/blog\/communes-parties-prenantes-a-valoriser\/#breadcrumb"},"inLanguage":"fr-FR","potentialAction":[{"@type":"ReadAction","target":["https:\/\/www.deepki.com\/fr\/blog\/communes-parties-prenantes-a-valoriser\/"]}]},{"@type":"ImageObject","inLanguage":"fr-FR","@id":"https:\/\/www.deepki.com\/fr\/blog\/communes-parties-prenantes-a-valoriser\/#primaryimage","url":"https:\/\/www.deepki.com\/web\/wp-content\/uploads\/2018\/10\/tom-podmore-9iT6ufVQRCY-unsplash-scaled.jpg","contentUrl":"https:\/\/www.deepki.com\/web\/wp-content\/uploads\/2018\/10\/tom-podmore-9iT6ufVQRCY-unsplash-scaled.jpg","width":2560,"height":1543},{"@type":"BreadcrumbList","@id":"https:\/\/www.deepki.com\/fr\/blog\/communes-parties-prenantes-a-valoriser\/#breadcrumb","itemListElement":[{"@type":"ListItem","position":1,"name":"Home","item":"https:\/\/www.deepki.com\/fr\/"},{"@type":"ListItem","position":2,"name":"Performance environnementale","item":"https:\/\/www.deepki.com\/fr\/blog\/performance-environnementale\/"},{"@type":"ListItem","position":3,"name":"Les communes : des parties prenantes \u00e0 valoriser pour booster la transition \u00e9nerg\u00e9tique"}]},{"@type":"WebSite","@id":"https:\/\/www.deepki.com\/fr\/#website","url":"https:\/\/www.deepki.com\/fr\/","name":"Deepki","description":"Together, let&#039;s make your real estate more sustainable thanks to data!","publisher":{"@id":"https:\/\/www.deepki.com\/fr\/#organization"},"potentialAction":[{"@type":"SearchAction","target":{"@type":"EntryPoint","urlTemplate":"https:\/\/www.deepki.com\/fr\/?s={search_term_string}"},"query-input":{"@type":"PropertyValueSpecification","valueRequired":true,"valueName":"search_term_string"}}],"inLanguage":"fr-FR"},{"@type":"Organization","@id":"https:\/\/www.deepki.com\/fr\/#organization","name":"Deepki","url":"https:\/\/www.deepki.com\/fr\/","logo":{"@type":"ImageObject","inLanguage":"fr-FR","@id":"https:\/\/www.deepki.com\/fr\/#\/schema\/logo\/image\/","url":"https:\/\/www.deepki.com\/web\/wp-content\/uploads\/2021\/08\/deepki-logo.jpg","contentUrl":"https:\/\/www.deepki.com\/web\/wp-content\/uploads\/2021\/08\/deepki-logo.jpg","width":880,"height":360,"caption":"Deepki"},"image":{"@id":"https:\/\/www.deepki.com\/fr\/#\/schema\/logo\/image\/"},"sameAs":["https:\/\/www.facebook.com\/DeepkiSAS\/","https:\/\/x.com\/DeepkiSAS","https:\/\/www.linkedin.com\/company\/deepki"]},{"@type":"Person","@id":"https:\/\/www.deepki.com\/fr\/#\/schema\/person\/4b4af3817134526ceb143101fd87ab5d","name":"Cl\u00e9mence Michel","image":{"@type":"ImageObject","inLanguage":"fr-FR","@id":"https:\/\/secure.gravatar.com\/avatar\/b269ba980c9157e7f85e54013777a8b67ed179726166ea0f78a5c9066f33bccb?s=96&d=mm&r=g","url":"https:\/\/secure.gravatar.com\/avatar\/b269ba980c9157e7f85e54013777a8b67ed179726166ea0f78a5c9066f33bccb?s=96&d=mm&r=g","contentUrl":"https:\/\/secure.gravatar.com\/avatar\/b269ba980c9157e7f85e54013777a8b67ed179726166ea0f78a5c9066f33bccb?s=96&d=mm&r=g","caption":"Cl\u00e9mence Michel"}}]}},"_links":{"self":[{"href":"https:\/\/www.deepki.com\/fr\/wp-json\/wp\/v2\/posts\/524","targetHints":{"allow":["GET"]}}],"collection":[{"href":"https:\/\/www.deepki.com\/fr\/wp-json\/wp\/v2\/posts"}],"about":[{"href":"https:\/\/www.deepki.com\/fr\/wp-json\/wp\/v2\/types\/post"}],"author":[{"embeddable":true,"href":"https:\/\/www.deepki.com\/fr\/wp-json\/wp\/v2\/users\/41"}],"replies":[{"embeddable":true,"href":"https:\/\/www.deepki.com\/fr\/wp-json\/wp\/v2\/comments?post=524"}],"version-history":[{"count":9,"href":"https:\/\/www.deepki.com\/fr\/wp-json\/wp\/v2\/posts\/524\/revisions"}],"predecessor-version":[{"id":75667,"href":"https:\/\/www.deepki.com\/fr\/wp-json\/wp\/v2\/posts\/524\/revisions\/75667"}],"wp:featuredmedia":[{"embeddable":true,"href":"https:\/\/www.deepki.com\/fr\/wp-json\/wp\/v2\/media\/75662"}],"wp:attachment":[{"href":"https:\/\/www.deepki.com\/fr\/wp-json\/wp\/v2\/media?parent=524"}],"wp:term":[{"taxonomy":"category","embeddable":true,"href":"https:\/\/www.deepki.com\/fr\/wp-json\/wp\/v2\/categories?post=524"},{"taxonomy":"post_tag","embeddable":true,"href":"https:\/\/www.deepki.com\/fr\/wp-json\/wp\/v2\/tags?post=524"}],"curies":[{"name":"wp","href":"https:\/\/api.w.org\/{rel}","templated":true}]}}