{"id":5757,"date":"2021-04-01T08:45:00","date_gmt":"2021-04-01T08:45:00","guid":{"rendered":"https:\/\/blog.deepki.com\/?p=5757"},"modified":"2021-11-12T14:37:37","modified_gmt":"2021-11-12T14:37:37","slug":"actee","status":"publish","type":"post","link":"https:\/\/www.deepki.com\/fr\/blog\/actee\/","title":{"rendered":"ACTEE, un dispositif d\u2019aide en faveur de la transition \u00e9nerg\u00e9tique des collectivit\u00e9s territoriales !"},"content":{"rendered":"<p>Aujourd&rsquo;hui, il devient indispensable d&rsquo;int\u00e9grer pleinement les enjeux de la transition \u00e9nerg\u00e9tique pour les acteurs de l&rsquo;immobilier, qu\u2019ils soient issus du secteur priv\u00e9 ou bien du public. De nombreux dispositifs voient le jour sur le march\u00e9 pour guider ces diff\u00e9rents acteurs, comme par exemple le programme ACTEE. Qu\u2019est-ce que ce programme ? Pourquoi y participer ? Et comment pr\u00e9parer sa candidature ? D\u00e9cryptage !<\/p>\n\n\n<h2 class=\"wp-block-heading\"><span class=\"has-inline-color has-t-black-color\">Qu\u2019est-ce que ACTEE de la FNCCR ?<\/span><\/h2>\n\n\n\n<p>Le programme <a href=\"https:\/\/www.programme-cee-actee.fr\/\" target=\"_blank\" rel=\"noreferrer noopener\">ACTEE<\/a> (Action des Collectivit\u00e9s Territoriales pour l\u2019Efficacit\u00e9 \u00c9nerg\u00e9tique) est un programme ayant pour objectif de <strong>permettre aux collectivit\u00e9s d\u2019agir pour le climat en les aidant \u00e0 r\u00e9aliser des <a href=\"https:\/\/www.deepki.com\/fr\/glossaire\/economie-denergie\/\" target=\"_blank\" rel=\"noreferrer noopener\">\u00e9conomies d\u2019\u00e9nergie<\/a> sur leur <a href=\"https:\/\/www.deepki.com\/fr\/blog\/collectivites-territoriales-gisements-economies-parc-immobilier\/\" target=\"_blank\" rel=\"noreferrer noopener\">parc immobilier<\/a> public<\/strong> (\u00e9coles, mairies, h\u00f4pitaux, etc.). Ce programme a \u00e9t\u00e9 mis en place en 2019 par la <a href=\"https:\/\/www.fnccr.asso.fr\/\" target=\"_blank\" rel=\"noreferrer noopener\">FNCCR<\/a> (F\u00e9d\u00e9ration Nationale des Collectivit\u00e9s Conc\u00e9dantes et R\u00e9gies), une association regroupant plus de 800 collectivit\u00e9s fran\u00e7aises.<\/p>\n\n\n\n<p>Une premi\u00e8re \u00e9dition ayant eu lieu en 2019 a permis le financement d\u2019aides d\u2019un montant de <strong>12,5 millions d\u2019euros<\/strong>. L\u2019\u00e9dition de cette ann\u00e9e, ACTEE 2, est quant \u00e0 elle dot\u00e9e de <strong>100 millions d\u2019euros<\/strong>.<\/p>\n\n\n\n<p><strong>Quelles typologies d\u2019acteurs publics peuvent candidater au programme ACTEE ?<\/strong><\/p>\n\n\n\n<ul class=\"wp-block-list\"><li>Les collectivit\u00e9s territoriales,<\/li><li>Les syndicats,<\/li><li>Les EPCI (Etablissements Publics de Coop\u00e9ration Intercommunale), sous la forme de m\u00e9tropoles ou de communaut\u00e9s d\u2019agglom\u00e9rations.<\/li><\/ul>\n\n\n\n<div class=\"wp-block-group has-charcoal-grey-color has-t-white-background-color has-text-color has-background\"><div class=\"wp-block-group__inner-container is-layout-flow wp-block-group-is-layout-flow\">\n<p><strong>Le saviez-vous ?<\/strong><br>Les b\u00e2timents publics repr\u00e9sentent environ 76% de la facture \u00e9nerg\u00e9tique d\u2019une commune.<\/p>\n<\/div><\/div>\n\n\n\n<p>Globalement, le programme ACTEE vise \u00e0 financer des <strong>outils d\u2019aide \u00e0 la d\u00e9cision pour le d\u00e9veloppement de projets de r\u00e9novation \u00e9nerg\u00e9tique des b\u00e2timents publics<\/strong>. Ce dispositif est principalement financ\u00e9 par des CEE (Certificats d\u2019Economies d\u2019Energie).<\/p>\n\n\n\n<p class=\"has-text-align-right\"><span class=\"has-inline-color has-t-black-color\"><em>A lire \u00e9galement : <a href=\"https:\/\/www.deepki.com\/fr\/blog\/cee\/\" target=\"_blank\" rel=\"noreferrer noopener\"> Au fait, c\u2019est quoi les certificats d\u2019\u00e9conomie d\u2019\u00e9nergie ?<\/a><\/em><\/span><\/p>\n\n\n\n<div class=\"wp-block-group has-charcoal-grey-color has-t-white-background-color has-text-color has-background\"><div class=\"wp-block-group__inner-container is-layout-flow wp-block-group-is-layout-flow\">\n<p><strong>L\u2019impact du dispositif ACTEE<\/strong><br>En moyenne, 1 euro rapport\u00e9 par ACTEE g\u00e9n\u00e8re jusqu\u2019\u00e0 10 euros de travaux.<\/p>\n<\/div><\/div>\n\n\n\n<p><strong>Concr\u00e8tement, le programme ACTEE met \u00e0 disposition des collectivit\u00e9s deux aides distinctes :<\/strong><\/p>\n\n\n\n<ul class=\"wp-block-list\"><li><strong>Un centre de ressources<\/strong> en ligne proposant des formations, des guides et des mod\u00e8les de cahiers des charges pour mieux appr\u00e9hender les projets de r\u00e9novation,<\/li><li><strong>Des appels \u00e0 projets<\/strong>, dits AMI (Appels \u00e0 Manifestation d&rsquo;Int\u00e9r\u00eat), offrant aux laur\u00e9ats un accompagnement dans la r\u00e9novation des b\u00e2timents publics.<\/li><\/ul>\n\n\n\n<p><strong>Ces appels \u00e0 projets vont permettre aux laur\u00e9ats de financer quatre leviers d\u2019action :<\/strong><\/p>\n\n\n\n<ol class=\"wp-block-list\"><li>L\u2019<strong>aide \u00e0 l\u2019embauche d\u2019\u00e9conome de flux<\/strong>, par le biais d\u2019experts charg\u00e9s de d\u00e9tecter les potentiels \u00e9conomies d\u2019\u00e9nergie, de piloter les projets et d\u2019optimiser les performances \u00e9nerg\u00e9tiques des b\u00e2timents sur du long terme ;<\/li><li>L\u2019<strong>achat de petits \u00e9quipements de mesure<\/strong> et de <a href=\"https:\/\/www.deepki.com\/fr\/blog\/6-arguments-logiciel-performance-energetique\/\" target=\"_blank\" rel=\"noreferrer noopener\">logiciels de performance \u00e9nerg\u00e9tique<\/a> ;<\/li><li>La <strong>r\u00e9alisation d\u2019<a href=\"https:\/\/www.deepki.com\/fr\/blog\/infographie-audit-energetique-reglementaire-8-etapes-regle\/\" target=\"_blank\" rel=\"noreferrer noopener\">audits \u00e9nerg\u00e9tiques<\/a><\/strong> et de strat\u00e9gies \u00e9nerg\u00e9tiques patrimoniales ;<\/li><li>L\u2019accompagnement \u00e0 la <strong>r\u00e9alisation des travaux de r\u00e9novation<\/strong>.<\/li><\/ol>\n\n\n\n<p class=\"has-text-align-right\"><em><span class=\"has-inline-color has-t-black-color\">A lire \u00e9galement : <a href=\"https:\/\/www.deepki.com\/fr\/glossaire\/la-transition-energetique-dans-les-collectivites-locales\/\" target=\"_blank\" rel=\"noreferrer noopener\">La transition \u00e9nerg\u00e9tique dans les collectivit\u00e9s locales<\/a><\/span><\/em><\/p>\n\n\n\n<p><strong>La d\u00e9signation des laur\u00e9ats se fait devant un jury regroupant :<\/strong><\/p>\n\n\n\n<ul class=\"wp-block-list\"><li>La FNCCR,<\/li><li>Le Minist\u00e8re de la transition \u00e9cologique,<\/li><li>L\u2019<a href=\"https:\/\/www.ademe.fr\/\" target=\"_blank\" rel=\"noreferrer noopener\">ADEME<\/a> (Agence de la Transition \u00c9cologique),<\/li><li>La Banque des Territoires,<\/li><li>L\u2019association des maires de France,<\/li><li>EDF, porteur de projet associ\u00e9 et financeur du programme.<\/li><\/ul>\n\n\n\n<h2 class=\"wp-block-heading\"><span class=\"has-inline-color has-t-black-color\">Pourquoi pr\u00e9tendre au dispositif ACTEE pour la r\u00e9novation \u00e9nerg\u00e9tique de votre parc immobilier ?<\/span><\/h2>\n\n\n\n<p>En contribuant \u00e0 d\u00e9velopper les investissements locaux et l\u2019emploi, le programme ACTEE repr\u00e9sente un instrument \u00e9conomique et environnemental tr\u00e8s int\u00e9ressant pour les territoires et leurs b\u00e2timents publics. <\/p>\n\n\n\n<p><strong>Voici les principaux avantages dont vous pouvez b\u00e9n\u00e9ficier :<\/strong><\/p>\n\n\n\n<ul class=\"wp-block-list\"><li><strong>R\u00e9duisez votre facture d\u2019\u00e9nergie<\/strong> : En mettant en place des projets d\u2019<a href=\"https:\/\/www.deepki.com\/fr\/glossaire\/efficacite-energetique\/\" target=\"_blank\" rel=\"noreferrer noopener\">efficacit\u00e9 \u00e9nerg\u00e9tique<\/a>, gr\u00e2ce au financement d\u2019outils d\u2019aide \u00e0 la d\u00e9cision et \u00e0 l\u2019accompagnement d\u2019experts ;<\/li><li><strong>R\u00e9duisez votre empreinte environnementale et vos \u00e9missions de CO<sub>2<\/sub><\/strong> : Gr\u00e2ce aux actions visant \u00e0 am\u00e9liorer la <a href=\"https:\/\/www.deepki.com\/fr\/blog\/loi-elan-performance-energetique-parc-tertiaire\/\" target=\"_blank\" rel=\"noreferrer noopener\">performance \u00e9nerg\u00e9tique<\/a> de vos b\u00e2timents, ces strat\u00e9gies \u201cbas carbone\u201d auront un impact positif \u00e0 long terme sur les charges de votre collectivit\u00e9 ;<\/li><li><strong>Contribuez \u00e0 rendre votre collectivit\u00e9 plus attractive<\/strong> : Gr\u00e2ce aux <a href=\"https:\/\/www.deepki.com\/fr\/blog\/ademe-renovation-energetique-batiments\/\" target=\"_blank\" rel=\"noreferrer noopener\">r\u00e9novations<\/a>, votre territoire sera moins \u00e9nergivore et donc plus apte \u00e0 faire face aux changements climatiques. Cette r\u00e9silience est vecteur d\u2019entraide et de solidarit\u00e9 tout en \u00e9tant b\u00e9n\u00e9fique \u00e0 l\u2019ensemble de votre communaut\u00e9 ;<\/li><li><strong>Communiquez sur les performances et engagements<\/strong> : Vos r\u00e9sultats seront impactants et valorisables. C\u2019est l\u2019occasion de les mettre en avant non seulement pour vous mais aussi pour les autres collectivit\u00e9s, car vous serez l\u2019exemple \u00e0 suivre en mati\u00e8re de <a href=\"https:\/\/www.deepki.com\/fr\/blog\/nouveaux-defis-bailleurs-sociaux\/\" target=\"_blank\" rel=\"noreferrer noopener\">gestion \u00e9nerg\u00e9tique<\/a>.<\/li><\/ul>\n\n\n\n<p class=\"has-text-align-right\"><em><span class=\"has-inline-color has-t-black-color\">A lire \u00e9galement : <a href=\"https:\/\/www.deepki.com\/fr\/blog\/collectivites-locales-energy-management-source-economie-budgetaire\/\" target=\"_blank\" rel=\"noreferrer noopener\">Collectivit\u00e9s locales : si vous utilisiez l\u2019energy management comme source d\u2019\u00e9conomie budg\u00e9taire\u2009?<\/a><\/span><\/em><\/p>\n\n\n\n<h2 class=\"wp-block-heading\"><span class=\"has-inline-color has-t-black-color\">Candidater \u00e0 ACTEE : optimisez vos d\u00e9marches en 4 \u00e9tapes !<\/span><\/h2>\n\n\n\n<p><strong>Avant toute chose, le programme ACTEE rappelle que l\u2019attribution des fonds se fonde sur 2 principaux crit\u00e8res :<\/strong><\/p>\n\n\n\n<ul class=\"wp-block-list\"><li>Avoir une vision \u00e0 long terme priorisant les actions \u00e0 effets rapides et permettant d\u2019aboutir \u00e0 des projets de plus en plus complexes ;<\/li><li>Coop\u00e9rer entre collectivit\u00e9s pour partager les exp\u00e9riences r\u00e9ussies et mutualiser les actions.<\/li><\/ul>\n\n\n\n<div class=\"wp-block-group has-charcoal-grey-color has-t-white-background-color has-text-color has-background\"><div class=\"wp-block-group__inner-container is-layout-flow wp-block-group-is-layout-flow\">\n<p><strong>\u00c0 retenir : Faites jouer la synergie !<\/strong><br>Constituez le dossier en groupement de collectivit\u00e9s pour r\u00e9aliser des \u00e9conomies d\u2019\u00e9chelle et avoir une d\u00e9marche commune.<\/p>\n<\/div><\/div>\n\n\n\n<h3 class=\"wp-block-heading\"><span class=\"has-inline-color has-t-black-color\">\u00c9tape 1 : D\u00e9finissez votre strat\u00e9gie \u00e9nerg\u00e9tique<\/span><\/h3>\n\n\n\n<p>La d\u00e9finition de votre strat\u00e9gie \u00e9nerg\u00e9tique se fait en deux temps :<\/p>\n\n\n\n<ol class=\"wp-block-list\"><li><strong>Choisissez, sollicitez et embarquez les parties prenantes requises pour la mise en place du projet<\/strong> : gr\u00e2ce \u00e0 des \u00e9tudes de pr\u00e9-faisabilit\u00e9 et des op\u00e9rations de sensibilisation et mobilisation aupr\u00e8s des acteurs locaux ;<\/li><li><strong>Formalisez le p\u00e9rim\u00e8tre des porteurs du projet<\/strong> : D\u00e9finissez au pr\u00e9alable tous les \u00e9l\u00e9ments cl\u00e9s de votre dossier, aussi bien dans le choix de la gouvernance, du type de structure juridique, des territoires concern\u00e9s ou bien encore du mod\u00e8le \u00e9conomique.<\/li><\/ol>\n\n\n\n<h3 class=\"wp-block-heading\"><span class=\"has-inline-color has-t-black-color\">\u00c9tape 2 : Identifiez les projets prioritaires<\/span><\/h3>\n\n\n\n<ul class=\"wp-block-list\"><li><strong>Choisissez et priorisez vos chantiers<\/strong>, en vous aidant de l&rsquo;outil de simulation \u00e9nerg\u00e9tique mis \u00e0 disposition sur le site de ACTEE pour \u00e9valuer l\u2019impact et la rentabilit\u00e9 de chaque projet ;<\/li><li><strong>D\u00e9finissez un sch\u00e9ma directeur immobilier<\/strong>, dans le but de favoriser une planification pluriannuelle des actions d\u2019efficacit\u00e9 \u00e9nerg\u00e9tique.<\/li><\/ul>\n\n\n\n<div class=\"wp-block-group has-charcoal-grey-color has-t-white-background-color has-text-color has-background\"><div class=\"wp-block-group__inner-container is-layout-flow wp-block-group-is-layout-flow\">\n<p><strong>\u00c0 retenir : Pr\u00e9sentez-vous \u00e0 nouveau !<\/strong><br>Les laur\u00e9ats de ACTEE 1 peuvent \u00e9galement se repr\u00e9senter au programme ACTEE 2.<\/p>\n<\/div><\/div>\n\n\n\n<h3 class=\"wp-block-heading\"><span class=\"has-inline-color has-t-black-color\">\u00c9tape 3 : R\u00e9alisez un montage juridique et financier<\/span><\/h3>\n\n\n\n<p>Le choix du montage juridique et financier va jouer un \u00e9l\u00e9ment cl\u00e9 dans la constitution de votre dossier. Prenez le temps d\u2019\u00e9tudier les diff\u00e9rents sc\u00e9narios que vous pouvez choisir :<\/p>\n\n\n\n<ul class=\"wp-block-list\"><li><strong>March\u00e9s publics classiques<\/strong> : Votre collectivit\u00e9 peut choisir de d\u00e9l\u00e9guer la r\u00e9alisation des travaux de r\u00e9novation \u00e9nerg\u00e9tique \u00e0 d\u2019autres entreprises. C\u2019est donc \u00e0 vous de financer les travaux ;<\/li><li><strong>March\u00e9s publics globaux<\/strong> : Vous pouvez aussi choisir de d\u00e9l\u00e9guer la r\u00e9alisation des travaux ainsi que l\u2019analyse des r\u00e9novations \u00e0 effectuer ;<\/li><li><strong>March\u00e9s publics globaux de performance<\/strong> : Votre choix peut aussi s\u2019orienter vers des objectifs de performance chiffr\u00e9s en faisant appel \u00e0 des entreprises externes associant maintenance et r\u00e9alisation des travaux ;<\/li><li><strong>March\u00e9s de partenariat <\/strong>: Vous pouvez choisir ce sc\u00e9nario si votre collectivit\u00e9 opte pour un financement priv\u00e9 avec un paiement public en diff\u00e9r\u00e9 ;<\/li><li><strong>La passation de march\u00e9s, seul ou en groupement<\/strong> : Vous pouvez opter pour un groupement avec d\u2019autres collectivit\u00e9s afin de rationaliser votre d\u00e9marche et avoir plus d\u2019impact lors de votre candidature.<\/li><\/ul>\n\n\n\n<h3 class=\"wp-block-heading\"><span class=\"has-inline-color has-t-black-color\">\u00c9tape 4 : Mesurez l\u2019impact des actions mises en place<\/span><\/h3>\n\n\n\n<p>Une fois les 3 premi\u00e8res \u00e9tapes brillamment franchies, l\u2019heure est venue de <strong>s\u2019assurer que vos actions engag\u00e9es ont eu un impact positif<\/strong>. Cette \u00e9tape est primordiale pour mesurer vos objectifs de performance \u00e9nerg\u00e9tique et l\u2019efficacit\u00e9 de chaque projet de r\u00e9novation. Pour cela, rien de tel que les <a href=\"https:\/\/www.deepki.com\/fr\/blog\/logiciels-gestion-patrimoine-immobilier\/\" target=\"_blank\" rel=\"noreferrer noopener\"><strong>logiciels de gestion du patrimoine immobilier<\/strong><\/a>.<\/p>\n\n\n\n<h2 class=\"wp-block-heading\"><span class=\"has-inline-color has-t-black-color\">Quel bilan dresser de ACTEE 1 ?<\/span><\/h2>\n\n\n\n<p>La premi\u00e8re \u00e9dition de ACTEE \u00e9tait scind\u00e9e en deux appels \u00e0 projets (ou AMI) : <strong>l\u2019AMI pilote et l\u2019AMI C\u00c8DRE<\/strong>. Elle a r\u00e9compens\u00e9 au total 24 laur\u00e9ats, regroupant plus de 12 500 communes.<\/p>\n\n\n\n<p><strong>Les r\u00e9sultats de l\u2019AMI pilote ont \u00e9t\u00e9 communiqu\u00e9s en octobre 2019, 6 groupements ont \u00e9t\u00e9 laur\u00e9ats tels que :<\/strong><\/p>\n\n\n\n<ul class=\"wp-block-list\"><li>Le groupement compos\u00e9 du Territoire d\u2019Energie du Lot, du Territoire d\u2019Energie du Tarn et du Syndicat intercommunal d\u2019\u00e9nergies du d\u00e9partement de l\u2019Aveyron. Celui-ci s\u2019est engag\u00e9 notamment \u00e0 r\u00e9aliser 130 audits \u00e9nerg\u00e9tiques pour couvrir 981 communes ;<\/li><li>Le groupement compos\u00e9 du Syndicat d\u00e9partemental des \u00e9nergies de Seine-et-Marne et du Syndicat d\u2019\u00e9nergie des Yvelines. Leur objectif : r\u00e9aliser 550 audits des syst\u00e8mes de chauffage, ventilation, climatisation afin de mettre en \u0153uvre des contrats d\u2019exploitation performants dans les b\u00e2timents des communes.<\/li><\/ul>\n\n\n\n<p>Dans un second temps, les laur\u00e9ats de l\u2019<strong>AMI C\u00c8DRE<\/strong> (Coh\u00e9rent, Efficace et Durable pour la R\u00e9novation \u00c9nerg\u00e9tique), se sont vus accorder <strong>pr\u00e8s de 6,5 millions d\u2019euros pour r\u00e9aliser leurs projets<\/strong> en janvier 2020. <strong>Plus de 60 structures ont \u00e9t\u00e9 r\u00e9compens\u00e9es telles que<\/strong> :<\/p>\n\n\n\n<ul class=\"wp-block-list\"><li>Un groupement de la r\u00e9gion Nouvelle-Aquitaine constitu\u00e9 notamment du Syndicat d\u00e9partemental de la Dordogne (SDE 24), du Syndicat d\u00e9partemental d\u2019\u00e9nergies de la Creuse (SDEC 23), ou bien encore du Syndicat d\u2019\u00e9nergies de Haute-Vienne (SEHV) ;<\/li><li>Un groupement de la r\u00e9gion Grand Est, compos\u00e9 de l\u2019agglom\u00e9ration de Ch\u00e2lons-en-Champagne, de la ville de Ch\u00e2lons-en-Champagne, du Syndicat d\u00e9partemental d\u2019\u00e9nergie de l\u2019Aube (SDEA) et de Troyes Champagne m\u00e9tropole (TCM).<\/li><\/ul>\n\n\n\n<h2 class=\"wp-block-heading\"><span class=\"has-inline-color has-t-black-color\">ACTEE 2, les r\u00e9sultats de mars 2021<\/span><\/h2>\n\n\n\n<p>Dans le cadre du plan de relance national, la FNCCR a lanc\u00e9 le 2 mai 2020 une deuxi\u00e8me \u00e9dition du programme ACTEE, <strong>dot\u00e9e cette fois-ci de 100 millions d\u2019euros<\/strong>. ACTEE 2 \u00e9largit \u00e9galement son spectre de b\u00e2timents publics en prenant en compte les b\u00e2timents culturels, sportifs, de sant\u00e9 et d\u2019\u00e9ducation.Lors d\u2019un communiqu\u00e9 officiel datant du 30 mars 2021, <strong>la FNCCR a pr\u00e9sent\u00e9 les laur\u00e9ats des deux vagues de l\u2019AMI Sequoia<\/strong>, datant de d\u00e9cembre 2020 et mars 2021.L\u2019appel \u00e0 manifestation d&rsquo;int\u00e9r\u00eat Sequoia d\u2019ACTEE 2 a eu beaucoup de succ\u00e8s puisque <strong>60 structures ont candidat\u00e9<\/strong>, avec pour objectif de s\u2019engager aux c\u00f4t\u00e9s d\u2019autres collectivit\u00e9s.<br><strong>Au total, 45 laur\u00e9ats ont \u00e9t\u00e9 r\u00e9compens\u00e9s, ce qui repr\u00e9sente :<\/strong><\/p>\n\n\n\n<ul class=\"wp-block-list\"><li>15 959 communes engag\u00e9es pour la transition \u00e9nerg\u00e9tique<\/li><li>6 156 b\u00e2timents publics concern\u00e9s<\/li><li>122 \u00e9conomes flux<\/li><li>11 r\u00e9gions distinctes<\/li><\/ul>\n\n\n<p><strong>La liste des des groupements laur\u00e9ats est longue<\/strong>, mais nous retrouvons par exemple la m\u00e9tropole d\u2019Amiens, la m\u00e9tropole Aix-Marseille-Provence, la m\u00e9tropole de Lyon, l\u2019agglom\u00e9ration de Pau ou bien encore l\u2019agglom\u00e9ration de Saint-Nazaire.<br>Retrouvez la <a href=\"https:\/\/www.fnccr.asso.fr\/article\/16-000-communes-engagees-pour-la-transition-energetique\/\" target=\"_blank\" rel=\"noopener\">liste compl\u00e8te des groupements laur\u00e9ats et b\u00e9n\u00e9ficiaires sur le site de la FCRR<\/a>.<\/p>\n<p>ACTEE 2 a \u00e9t\u00e9 un franc succ\u00e8s, amenant le jury \u00e0 soumettre des propositions de fusion de dossiers afin d\u2019\u00eatre en mesure de <strong>retenir plus d\u2019une centaine de collectivit\u00e9s<\/strong> rassembl\u00e9es au sein des diff\u00e9rents dossiers laur\u00e9ats.<br><strong>Pour aller plus loin, d\u00e9couvrez comment la r\u00e9gion Grand Est a r\u00e9duit les consommations \u00e9nerg\u00e9tiques de plus de 250 lyc\u00e9es gr\u00e2ce aux donn\u00e9es existantes, en d\u00e9tectant plus de 40 000\u20ac de gains potentiels et en identifiant automatiquement plus de 200 anomalies de consommation.<\/strong><\/p>\n<p><a href=\"https:\/\/cta-redirect.hubspot.com\/cta\/redirect\/19531822\/505c3ef9-9485-4bd8-bdbf-48b38560bb98\" target=\"_blank\" rel=\"noopener\"><img decoding=\"async\" class=\"hs-cta-img\" id=\"hs-cta-img-505c3ef9-9485-4bd8-bdbf-48b38560bb98\" style=\"border-width:0px;\" height=\"865\" width=\"1667\" src=\"https:\/\/no-cache.hubspot.com\/cta\/default\/19531822\/505c3ef9-9485-4bd8-bdbf-48b38560bb98.png\" alt=\"New call-to-action\"><\/a><script charset=\"utf-8\" src=\"https:\/\/js.hscta.net\/cta\/current.js\"><\/script><script type=\"text\/javascript\"> hbspt.cta.load(19531822, '505c3ef9-9485-4bd8-bdbf-48b38560bb98', {\"region\":\"na1\"}); <\/script><!-- end HubSpot Call-to-Action Code --><\/p>","protected":false},"excerpt":{"rendered":"<p>Aujourd&rsquo;hui, il devient indispensable d&rsquo;int\u00e9grer pleinement les enjeux de la transition \u00e9nerg\u00e9tique pour les acteurs de l&rsquo;immobilier, qu\u2019ils soient issus du secteur priv\u00e9 ou bien du public. De nombreux dispositifs voient le jour sur le march\u00e9 pour guider ces diff\u00e9rents acteurs, comme par exemple le programme ACTEE. Qu\u2019est-ce que ce programme ? Pourquoi y participer [&hellip;]<\/p>\n","protected":false},"author":37,"featured_media":61278,"comment_status":"closed","ping_status":"closed","sticky":false,"template":"","format":"standard","meta":{"inline_featured_image":false,"footnotes":""},"categories":[120,87],"tags":[],"class_list":["post-5757","post","type-post","status-publish","format-standard","has-post-thumbnail","hentry","category-performance-environnementale","category-secteur-public"],"yoast_head":"<!-- This site is optimized with the Yoast SEO plugin v27.3 - https:\/\/yoast.com\/product\/yoast-seo-wordpress\/ -->\n<title>ACTEE, un dispositif d\u2019aide en faveur de la transition \u00e9nerg\u00e9tique des collectivit\u00e9s territoriales !<\/title>\n<meta name=\"description\" content=\"Nous vous expliquons comment pr\u00e9parer votre candidature au programme ACTEE pour acc\u00e9l\u00e9rer la transition \u00e9nerg\u00e9tique de votre collectivit\u00e9.\" \/>\n<meta name=\"robots\" content=\"index, follow, max-snippet:-1, max-image-preview:large, max-video-preview:-1\" \/>\n<link rel=\"canonical\" href=\"https:\/\/www.deepki.com\/fr\/blog\/actee\/\" \/>\n<meta property=\"og:locale\" content=\"fr_FR\" \/>\n<meta property=\"og:type\" content=\"article\" \/>\n<meta property=\"og:title\" content=\"ACTEE, un dispositif d\u2019aide en faveur de la transition \u00e9nerg\u00e9tique des collectivit\u00e9s territoriales !\" \/>\n<meta property=\"og:description\" content=\"Nous vous expliquons comment pr\u00e9parer votre candidature au programme ACTEE pour acc\u00e9l\u00e9rer la transition \u00e9nerg\u00e9tique de votre collectivit\u00e9.\" \/>\n<meta property=\"og:url\" content=\"https:\/\/www.deepki.com\/fr\/blog\/actee\/\" \/>\n<meta property=\"og:site_name\" content=\"Deepki\" \/>\n<meta property=\"article:publisher\" content=\"https:\/\/www.facebook.com\/DeepkiSAS\/\" \/>\n<meta property=\"article:published_time\" content=\"2021-04-01T08:45:00+00:00\" \/>\n<meta property=\"article:modified_time\" content=\"2021-11-12T14:37:37+00:00\" \/>\n<meta property=\"og:image\" content=\"https:\/\/www.deepki.com\/web\/wp-content\/uploads\/2021\/04\/actee-transition-energetique.jpg\" \/>\n\t<meta property=\"og:image:width\" content=\"1440\" \/>\n\t<meta property=\"og:image:height\" content=\"550\" \/>\n\t<meta property=\"og:image:type\" content=\"image\/jpeg\" \/>\n<meta name=\"author\" content=\"Bastien Halary\" \/>\n<meta name=\"twitter:card\" content=\"summary_large_image\" \/>\n<meta name=\"twitter:title\" content=\"ACTEE, un dispositif d\u2019aide en faveur de la transition \u00e9nerg\u00e9tique des collectivit\u00e9s territoriales !\" \/>\n<meta name=\"twitter:description\" content=\"Nous vous expliquons comment pr\u00e9parer votre candidature au programme ACTEE pour acc\u00e9l\u00e9rer la transition \u00e9nerg\u00e9tique de votre collectivit\u00e9.\" \/>\n<meta name=\"twitter:creator\" content=\"@DeepkiSAS\" \/>\n<meta name=\"twitter:site\" content=\"@DeepkiSAS\" \/>\n<meta name=\"twitter:label1\" content=\"\u00c9crit par\" \/>\n\t<meta name=\"twitter:data1\" content=\"Bastien Halary\" \/>\n\t<meta name=\"twitter:label2\" content=\"Dur\u00e9e de lecture estim\u00e9e\" \/>\n\t<meta name=\"twitter:data2\" content=\"8 minutes\" \/>\n<script type=\"application\/ld+json\" class=\"yoast-schema-graph\">{\"@context\":\"https:\\\/\\\/schema.org\",\"@graph\":[{\"@type\":\"Article\",\"@id\":\"https:\\\/\\\/www.deepki.com\\\/fr\\\/blog\\\/actee\\\/#article\",\"isPartOf\":{\"@id\":\"https:\\\/\\\/www.deepki.com\\\/fr\\\/blog\\\/actee\\\/\"},\"author\":{\"name\":\"Bastien Halary\",\"@id\":\"https:\\\/\\\/www.deepki.com\\\/fr\\\/#\\\/schema\\\/person\\\/6da1cb25e22f690c6b1557a90676e141\"},\"headline\":\"ACTEE, un dispositif d\u2019aide en faveur de la transition \u00e9nerg\u00e9tique des collectivit\u00e9s territoriales !\",\"datePublished\":\"2021-04-01T08:45:00+00:00\",\"dateModified\":\"2021-11-12T14:37:37+00:00\",\"mainEntityOfPage\":{\"@id\":\"https:\\\/\\\/www.deepki.com\\\/fr\\\/blog\\\/actee\\\/\"},\"wordCount\":1896,\"publisher\":{\"@id\":\"https:\\\/\\\/www.deepki.com\\\/fr\\\/#organization\"},\"image\":{\"@id\":\"https:\\\/\\\/www.deepki.com\\\/fr\\\/blog\\\/actee\\\/#primaryimage\"},\"thumbnailUrl\":\"https:\\\/\\\/www.deepki.com\\\/web\\\/wp-content\\\/uploads\\\/2021\\\/04\\\/actee-transition-energetique.jpg\",\"articleSection\":[\"Performance environnementale\",\"Secteur public\"],\"inLanguage\":\"fr-FR\"},{\"@type\":\"WebPage\",\"@id\":\"https:\\\/\\\/www.deepki.com\\\/fr\\\/blog\\\/actee\\\/\",\"url\":\"https:\\\/\\\/www.deepki.com\\\/fr\\\/blog\\\/actee\\\/\",\"name\":\"ACTEE, un dispositif d\u2019aide en faveur de la transition \u00e9nerg\u00e9tique des collectivit\u00e9s territoriales !\",\"isPartOf\":{\"@id\":\"https:\\\/\\\/www.deepki.com\\\/fr\\\/#website\"},\"primaryImageOfPage\":{\"@id\":\"https:\\\/\\\/www.deepki.com\\\/fr\\\/blog\\\/actee\\\/#primaryimage\"},\"image\":{\"@id\":\"https:\\\/\\\/www.deepki.com\\\/fr\\\/blog\\\/actee\\\/#primaryimage\"},\"thumbnailUrl\":\"https:\\\/\\\/www.deepki.com\\\/web\\\/wp-content\\\/uploads\\\/2021\\\/04\\\/actee-transition-energetique.jpg\",\"datePublished\":\"2021-04-01T08:45:00+00:00\",\"dateModified\":\"2021-11-12T14:37:37+00:00\",\"description\":\"Nous vous expliquons comment pr\u00e9parer votre candidature au programme ACTEE pour acc\u00e9l\u00e9rer la transition \u00e9nerg\u00e9tique de votre collectivit\u00e9.\",\"breadcrumb\":{\"@id\":\"https:\\\/\\\/www.deepki.com\\\/fr\\\/blog\\\/actee\\\/#breadcrumb\"},\"inLanguage\":\"fr-FR\",\"potentialAction\":[{\"@type\":\"ReadAction\",\"target\":[\"https:\\\/\\\/www.deepki.com\\\/fr\\\/blog\\\/actee\\\/\"]}]},{\"@type\":\"ImageObject\",\"inLanguage\":\"fr-FR\",\"@id\":\"https:\\\/\\\/www.deepki.com\\\/fr\\\/blog\\\/actee\\\/#primaryimage\",\"url\":\"https:\\\/\\\/www.deepki.com\\\/web\\\/wp-content\\\/uploads\\\/2021\\\/04\\\/actee-transition-energetique.jpg\",\"contentUrl\":\"https:\\\/\\\/www.deepki.com\\\/web\\\/wp-content\\\/uploads\\\/2021\\\/04\\\/actee-transition-energetique.jpg\",\"width\":1440,\"height\":550},{\"@type\":\"BreadcrumbList\",\"@id\":\"https:\\\/\\\/www.deepki.com\\\/fr\\\/blog\\\/actee\\\/#breadcrumb\",\"itemListElement\":[{\"@type\":\"ListItem\",\"position\":1,\"name\":\"Home\",\"item\":\"https:\\\/\\\/www.deepki.com\\\/fr\\\/\"},{\"@type\":\"ListItem\",\"position\":2,\"name\":\"Performance environnementale\",\"item\":\"https:\\\/\\\/www.deepki.com\\\/fr\\\/blog\\\/performance-environnementale\\\/\"},{\"@type\":\"ListItem\",\"position\":3,\"name\":\"ACTEE, un dispositif d\u2019aide en faveur de la transition \u00e9nerg\u00e9tique des collectivit\u00e9s territoriales !\"}]},{\"@type\":\"WebSite\",\"@id\":\"https:\\\/\\\/www.deepki.com\\\/fr\\\/#website\",\"url\":\"https:\\\/\\\/www.deepki.com\\\/fr\\\/\",\"name\":\"Deepki\",\"description\":\"Together, let&#039;s make your real estate more sustainable thanks to data!\",\"publisher\":{\"@id\":\"https:\\\/\\\/www.deepki.com\\\/fr\\\/#organization\"},\"potentialAction\":[{\"@type\":\"SearchAction\",\"target\":{\"@type\":\"EntryPoint\",\"urlTemplate\":\"https:\\\/\\\/www.deepki.com\\\/fr\\\/?s={search_term_string}\"},\"query-input\":{\"@type\":\"PropertyValueSpecification\",\"valueRequired\":true,\"valueName\":\"search_term_string\"}}],\"inLanguage\":\"fr-FR\"},{\"@type\":\"Organization\",\"@id\":\"https:\\\/\\\/www.deepki.com\\\/fr\\\/#organization\",\"name\":\"Deepki\",\"url\":\"https:\\\/\\\/www.deepki.com\\\/fr\\\/\",\"logo\":{\"@type\":\"ImageObject\",\"inLanguage\":\"fr-FR\",\"@id\":\"https:\\\/\\\/www.deepki.com\\\/fr\\\/#\\\/schema\\\/logo\\\/image\\\/\",\"url\":\"https:\\\/\\\/www.deepki.com\\\/web\\\/wp-content\\\/uploads\\\/2021\\\/08\\\/deepki-logo.jpg\",\"contentUrl\":\"https:\\\/\\\/www.deepki.com\\\/web\\\/wp-content\\\/uploads\\\/2021\\\/08\\\/deepki-logo.jpg\",\"width\":880,\"height\":360,\"caption\":\"Deepki\"},\"image\":{\"@id\":\"https:\\\/\\\/www.deepki.com\\\/fr\\\/#\\\/schema\\\/logo\\\/image\\\/\"},\"sameAs\":[\"https:\\\/\\\/www.facebook.com\\\/DeepkiSAS\\\/\",\"https:\\\/\\\/x.com\\\/DeepkiSAS\",\"https:\\\/\\\/www.linkedin.com\\\/company\\\/deepki\"]},{\"@type\":\"Person\",\"@id\":\"https:\\\/\\\/www.deepki.com\\\/fr\\\/#\\\/schema\\\/person\\\/6da1cb25e22f690c6b1557a90676e141\",\"name\":\"Bastien Halary\",\"image\":{\"@type\":\"ImageObject\",\"inLanguage\":\"fr-FR\",\"@id\":\"https:\\\/\\\/secure.gravatar.com\\\/avatar\\\/e3d572aa078f6e4687f824459fa491a67b20c9de51e2698bc4c457cff6d1b53f?s=96&d=mm&r=g\",\"url\":\"https:\\\/\\\/secure.gravatar.com\\\/avatar\\\/e3d572aa078f6e4687f824459fa491a67b20c9de51e2698bc4c457cff6d1b53f?s=96&d=mm&r=g\",\"contentUrl\":\"https:\\\/\\\/secure.gravatar.com\\\/avatar\\\/e3d572aa078f6e4687f824459fa491a67b20c9de51e2698bc4c457cff6d1b53f?s=96&d=mm&r=g\",\"caption\":\"Bastien Halary\"}}]}<\/script>\n<!-- \/ Yoast SEO plugin. -->","yoast_head_json":{"title":"ACTEE, un dispositif d\u2019aide en faveur de la transition \u00e9nerg\u00e9tique des collectivit\u00e9s territoriales !","description":"Nous vous expliquons comment pr\u00e9parer votre candidature au programme ACTEE pour acc\u00e9l\u00e9rer la transition \u00e9nerg\u00e9tique de votre collectivit\u00e9.","robots":{"index":"index","follow":"follow","max-snippet":"max-snippet:-1","max-image-preview":"max-image-preview:large","max-video-preview":"max-video-preview:-1"},"canonical":"https:\/\/www.deepki.com\/fr\/blog\/actee\/","og_locale":"fr_FR","og_type":"article","og_title":"ACTEE, un dispositif d\u2019aide en faveur de la transition \u00e9nerg\u00e9tique des collectivit\u00e9s territoriales !","og_description":"Nous vous expliquons comment pr\u00e9parer votre candidature au programme ACTEE pour acc\u00e9l\u00e9rer la transition \u00e9nerg\u00e9tique de votre collectivit\u00e9.","og_url":"https:\/\/www.deepki.com\/fr\/blog\/actee\/","og_site_name":"Deepki","article_publisher":"https:\/\/www.facebook.com\/DeepkiSAS\/","article_published_time":"2021-04-01T08:45:00+00:00","article_modified_time":"2021-11-12T14:37:37+00:00","og_image":[{"width":1440,"height":550,"url":"https:\/\/www.deepki.com\/web\/wp-content\/uploads\/2021\/04\/actee-transition-energetique.jpg","type":"image\/jpeg"}],"author":"Bastien Halary","twitter_card":"summary_large_image","twitter_title":"ACTEE, un dispositif d\u2019aide en faveur de la transition \u00e9nerg\u00e9tique des collectivit\u00e9s territoriales !","twitter_description":"Nous vous expliquons comment pr\u00e9parer votre candidature au programme ACTEE pour acc\u00e9l\u00e9rer la transition \u00e9nerg\u00e9tique de votre collectivit\u00e9.","twitter_creator":"@DeepkiSAS","twitter_site":"@DeepkiSAS","twitter_misc":{"\u00c9crit par":"Bastien Halary","Dur\u00e9e de lecture estim\u00e9e":"8 minutes"},"schema":{"@context":"https:\/\/schema.org","@graph":[{"@type":"Article","@id":"https:\/\/www.deepki.com\/fr\/blog\/actee\/#article","isPartOf":{"@id":"https:\/\/www.deepki.com\/fr\/blog\/actee\/"},"author":{"name":"Bastien Halary","@id":"https:\/\/www.deepki.com\/fr\/#\/schema\/person\/6da1cb25e22f690c6b1557a90676e141"},"headline":"ACTEE, un dispositif d\u2019aide en faveur de la transition \u00e9nerg\u00e9tique des collectivit\u00e9s territoriales !","datePublished":"2021-04-01T08:45:00+00:00","dateModified":"2021-11-12T14:37:37+00:00","mainEntityOfPage":{"@id":"https:\/\/www.deepki.com\/fr\/blog\/actee\/"},"wordCount":1896,"publisher":{"@id":"https:\/\/www.deepki.com\/fr\/#organization"},"image":{"@id":"https:\/\/www.deepki.com\/fr\/blog\/actee\/#primaryimage"},"thumbnailUrl":"https:\/\/www.deepki.com\/web\/wp-content\/uploads\/2021\/04\/actee-transition-energetique.jpg","articleSection":["Performance environnementale","Secteur public"],"inLanguage":"fr-FR"},{"@type":"WebPage","@id":"https:\/\/www.deepki.com\/fr\/blog\/actee\/","url":"https:\/\/www.deepki.com\/fr\/blog\/actee\/","name":"ACTEE, un dispositif d\u2019aide en faveur de la transition \u00e9nerg\u00e9tique des collectivit\u00e9s territoriales !","isPartOf":{"@id":"https:\/\/www.deepki.com\/fr\/#website"},"primaryImageOfPage":{"@id":"https:\/\/www.deepki.com\/fr\/blog\/actee\/#primaryimage"},"image":{"@id":"https:\/\/www.deepki.com\/fr\/blog\/actee\/#primaryimage"},"thumbnailUrl":"https:\/\/www.deepki.com\/web\/wp-content\/uploads\/2021\/04\/actee-transition-energetique.jpg","datePublished":"2021-04-01T08:45:00+00:00","dateModified":"2021-11-12T14:37:37+00:00","description":"Nous vous expliquons comment pr\u00e9parer votre candidature au programme ACTEE pour acc\u00e9l\u00e9rer la transition \u00e9nerg\u00e9tique de votre collectivit\u00e9.","breadcrumb":{"@id":"https:\/\/www.deepki.com\/fr\/blog\/actee\/#breadcrumb"},"inLanguage":"fr-FR","potentialAction":[{"@type":"ReadAction","target":["https:\/\/www.deepki.com\/fr\/blog\/actee\/"]}]},{"@type":"ImageObject","inLanguage":"fr-FR","@id":"https:\/\/www.deepki.com\/fr\/blog\/actee\/#primaryimage","url":"https:\/\/www.deepki.com\/web\/wp-content\/uploads\/2021\/04\/actee-transition-energetique.jpg","contentUrl":"https:\/\/www.deepki.com\/web\/wp-content\/uploads\/2021\/04\/actee-transition-energetique.jpg","width":1440,"height":550},{"@type":"BreadcrumbList","@id":"https:\/\/www.deepki.com\/fr\/blog\/actee\/#breadcrumb","itemListElement":[{"@type":"ListItem","position":1,"name":"Home","item":"https:\/\/www.deepki.com\/fr\/"},{"@type":"ListItem","position":2,"name":"Performance environnementale","item":"https:\/\/www.deepki.com\/fr\/blog\/performance-environnementale\/"},{"@type":"ListItem","position":3,"name":"ACTEE, un dispositif d\u2019aide en faveur de la transition \u00e9nerg\u00e9tique des collectivit\u00e9s territoriales !"}]},{"@type":"WebSite","@id":"https:\/\/www.deepki.com\/fr\/#website","url":"https:\/\/www.deepki.com\/fr\/","name":"Deepki","description":"Together, let&#039;s make your real estate more sustainable thanks to data!","publisher":{"@id":"https:\/\/www.deepki.com\/fr\/#organization"},"potentialAction":[{"@type":"SearchAction","target":{"@type":"EntryPoint","urlTemplate":"https:\/\/www.deepki.com\/fr\/?s={search_term_string}"},"query-input":{"@type":"PropertyValueSpecification","valueRequired":true,"valueName":"search_term_string"}}],"inLanguage":"fr-FR"},{"@type":"Organization","@id":"https:\/\/www.deepki.com\/fr\/#organization","name":"Deepki","url":"https:\/\/www.deepki.com\/fr\/","logo":{"@type":"ImageObject","inLanguage":"fr-FR","@id":"https:\/\/www.deepki.com\/fr\/#\/schema\/logo\/image\/","url":"https:\/\/www.deepki.com\/web\/wp-content\/uploads\/2021\/08\/deepki-logo.jpg","contentUrl":"https:\/\/www.deepki.com\/web\/wp-content\/uploads\/2021\/08\/deepki-logo.jpg","width":880,"height":360,"caption":"Deepki"},"image":{"@id":"https:\/\/www.deepki.com\/fr\/#\/schema\/logo\/image\/"},"sameAs":["https:\/\/www.facebook.com\/DeepkiSAS\/","https:\/\/x.com\/DeepkiSAS","https:\/\/www.linkedin.com\/company\/deepki"]},{"@type":"Person","@id":"https:\/\/www.deepki.com\/fr\/#\/schema\/person\/6da1cb25e22f690c6b1557a90676e141","name":"Bastien Halary","image":{"@type":"ImageObject","inLanguage":"fr-FR","@id":"https:\/\/secure.gravatar.com\/avatar\/e3d572aa078f6e4687f824459fa491a67b20c9de51e2698bc4c457cff6d1b53f?s=96&d=mm&r=g","url":"https:\/\/secure.gravatar.com\/avatar\/e3d572aa078f6e4687f824459fa491a67b20c9de51e2698bc4c457cff6d1b53f?s=96&d=mm&r=g","contentUrl":"https:\/\/secure.gravatar.com\/avatar\/e3d572aa078f6e4687f824459fa491a67b20c9de51e2698bc4c457cff6d1b53f?s=96&d=mm&r=g","caption":"Bastien Halary"}}]}},"_links":{"self":[{"href":"https:\/\/www.deepki.com\/fr\/wp-json\/wp\/v2\/posts\/5757","targetHints":{"allow":["GET"]}}],"collection":[{"href":"https:\/\/www.deepki.com\/fr\/wp-json\/wp\/v2\/posts"}],"about":[{"href":"https:\/\/www.deepki.com\/fr\/wp-json\/wp\/v2\/types\/post"}],"author":[{"embeddable":true,"href":"https:\/\/www.deepki.com\/fr\/wp-json\/wp\/v2\/users\/37"}],"replies":[{"embeddable":true,"href":"https:\/\/www.deepki.com\/fr\/wp-json\/wp\/v2\/comments?post=5757"}],"version-history":[{"count":3,"href":"https:\/\/www.deepki.com\/fr\/wp-json\/wp\/v2\/posts\/5757\/revisions"}],"predecessor-version":[{"id":57085,"href":"https:\/\/www.deepki.com\/fr\/wp-json\/wp\/v2\/posts\/5757\/revisions\/57085"}],"wp:featuredmedia":[{"embeddable":true,"href":"https:\/\/www.deepki.com\/fr\/wp-json\/wp\/v2\/media\/61278"}],"wp:attachment":[{"href":"https:\/\/www.deepki.com\/fr\/wp-json\/wp\/v2\/media?parent=5757"}],"wp:term":[{"taxonomy":"category","embeddable":true,"href":"https:\/\/www.deepki.com\/fr\/wp-json\/wp\/v2\/categories?post=5757"},{"taxonomy":"post_tag","embeddable":true,"href":"https:\/\/www.deepki.com\/fr\/wp-json\/wp\/v2\/tags?post=5757"}],"curies":[{"name":"wp","href":"https:\/\/api.w.org\/{rel}","templated":true}]}}